{"id":3989,"date":"2022-03-08T07:08:26","date_gmt":"2022-03-08T10:08:26","guid":{"rendered":"http:\/\/judonacional.com\/?p=3989"},"modified":"2022-03-08T07:45:43","modified_gmt":"2022-03-08T10:45:43","slug":"torneio-inicio-de-judo-2022-minas-tenis-bh-mg","status":"publish","type":"post","link":"http:\/\/judonacional.com\/?p=3989","title":{"rendered":"Torneio In\u00edcio de Jud\u00f4 2022 &#8211; Minas T\u00eanis &#8211; BH\/MG"},"content":{"rendered":"\n<p>O retorno e a participa\u00e7\u00e3o do p\u00fablico aos eventos de jud\u00f4 seguindo todos protocolos sanit\u00e1rios foi realizado o Torneio In\u00edcio de Jud\u00f4 2022 realizado no Minas T\u00eanis em Belo Horizonte\/MG realizado no dia 05\/03\/2022, marcou o in\u00edcio de uma nova era p\u00f3s pandemia.<\/p>\n\n\n\n<div class=\"wp-block-columns alignwide\">\n<div class=\"wp-block-column\" style=\"flex-basis:50%\">\n<figure class=\"wp-block-image\"><img loading=\"lazy\" width=\"699\" height=\"564\" src=\"http:\/\/judonacional.com\/wp-content\/uploads\/2022\/03\/image.png\" alt=\"\" class=\"wp-image-3993\" srcset=\"http:\/\/judonacional.com\/wp-content\/uploads\/2022\/03\/image.png 699w, http:\/\/judonacional.com\/wp-content\/uploads\/2022\/03\/image-300x242.png 300w\" sizes=\"(max-width: 699px) 100vw, 699px\" \/><\/figure>\n<\/div>\n\n\n\n<div class=\"wp-block-column\" style=\"flex-basis:50%\">\n<p class=\"has-large-font-size\"><\/p>\n<\/div>\n<\/div>\n\n\n\n<p>Para acessar as fotos do evento clique aqui: <\/p>\n\n\n\n<p><a href=\"https:\/\/www.facebook.com\/media\/set\/?set=a.4669276429850880&amp;type=3\">https:\/\/www.facebook.com\/media\/set\/?set=a.4669276429850880&amp;type=3<\/a><\/p>\n\n\n\n<p><\/p>\n","protected":false},"excerpt":{"rendered":"<p>Torneio In\u00edcio de Jud\u00f4 2022 &#8211; Minas T\u00eanis &#8211; BH\/MG<\/p>\n","protected":false},"author":3,"featured_media":3996,"comment_status":"open","ping_status":"open","sticky":true,"template":"","format":"standard","meta":[],"categories":[8,7,4,5],"tags":[],"_links":{"self":[{"href":"http:\/\/judonacional.com\/index.php?rest_route=\/wp\/v2\/posts\/3989"}],"collection":[{"href":"http:\/\/judonacional.com\/index.php?rest_route=\/wp\/v2\/posts"}],"about":[{"href":"http:\/\/judonacional.com\/index.php?rest_route=\/wp\/v2\/types\/post"}],"author":[{"embeddable":true,"href":"http:\/\/judonacional.com\/index.php?rest_route=\/wp\/v2\/users\/3"}],"replies":[{"embeddable":true,"href":"http:\/\/judonacional.com\/index.php?rest_route=%2Fwp%2Fv2%2Fcomments&post=3989"}],"version-history":[{"count":7,"href":"http:\/\/judonacional.com\/index.php?rest_route=\/wp\/v2\/posts\/3989\/revisions"}],"predecessor-version":[{"id":4009,"href":"http:\/\/judonacional.com\/index.php?rest_route=\/wp\/v2\/posts\/3989\/revisions\/4009"}],"wp:featuredmedia":[{"embeddable":true,"href":"http:\/\/judonacional.com\/index.php?rest_route=\/wp\/v2\/media\/3996"}],"wp:attachment":[{"href":"http:\/\/judonacional.com\/index.php?rest_route=%2Fwp%2Fv2%2Fmedia&parent=3989"}],"wp:term":[{"taxonomy":"category","embeddable":true,"href":"http:\/\/judonacional.com\/index.php?rest_route=%2Fwp%2Fv2%2Fcategories&post=3989"},{"taxonomy":"post_tag","embeddable":true,"href":"http:\/\/judonacional.com\/index.php?rest_route=%2Fwp%2Fv2%2Ftags&post=3989"}],"curies":[{"name":"wp","href":"https:\/\/api.w.org\/{rel}","templated":true}]}}