{"id":3767,"date":"2019-08-06T18:11:46","date_gmt":"2019-08-06T21:11:46","guid":{"rendered":"http:\/\/judonacional.com\/?p=3767"},"modified":"2019-08-06T18:12:40","modified_gmt":"2019-08-06T21:12:40","slug":"cananeia-realiza-torneio-de-judo","status":"publish","type":"post","link":"http:\/\/judonacional.com\/?p=3767","title":{"rendered":"Canan\u00e9ia realiza Torneio de Jud\u00f4"},"content":{"rendered":"\n<p>Aconteceu em 04 de agosto, domingo, no gin\u00e1sio Mario Covas , em Canan\u00e9ia, a Copa Canan\u00e9ia de Jud\u00f4. Uma realiza\u00e7\u00e3o do CT MAFETONI DOJO, em parceria com a 14\u00aa Delegacia Regional Vale do Ribeira, evento reuniu quase 300 judocas desta delegacia e da Baixada Santista.<\/p>\n\n\n\n<p>Al\u00e9m do Torneio, que contou pontos para o ranking da 14\u00aa Delegacia, aconteceu tamb\u00e9m o Festival Can\u00e1neia para as classes Biribas sub 9, 11, 13 masculino \u00a0e feminino para iniciantes.<\/p>\n\n\n\n<p>A cerim\u00f4nia de abertura do evento\ncontou com a presen\u00e7a do Delegado Regional da F.P.Jud\u00f4, Akira Hanawa, e do\nprofessor kodansha Rubens Nakazawa e do Secretario de Esportes Julio Cesar\nMarques .<\/p>\n\n\n\n<p>Os combates foram inciados com as classes menores com o festival iniciantes, depois as demais classes .<\/p>\n\n\n\n<p>Para o Delegado Akira Hanawa \u00e9 muito\nsatisfat\u00f3rio ver as fam\u00edlias reservando seu domingo para prestigiar suas\ncrian\u00e7as, em mundo onde a internet e redes sociais priva uma pouco o antigo\nconv\u00edvio familiar.<\/p>\n\n\n\n<p>Para sensei Andr\u00e9 diretor t\u00e9cnico da 14\u00aa delegacia foi muito importante receber os amigos e passar um domingo t\u00e3o bom onde todos mais que adverss\u00e1rio s\u00e3o amigos e parceiros.<\/p>\n\n\n\n<p>Na contagem geral de Associa\u00e7\u00f5es\ntivemos:<\/p>\n\n\n\n<p>1-CAMPE\u00c3\u00a0 ASS. CHODOCAN ITANHAEM<\/p>\n\n\n\n<p>2- VICE CAMPE\u00c3&nbsp; ESCOLINHA MUNICIPAL DE JUD\u00d4 MAURO SAKAI<\/p>\n\n\n\n<p>3- TERCEIRA COLOCADA- ASS. SETE\nBARRENSE DE JUD\u00d4<\/p>\n\n\n\n<p>4-QUARTA COLOCADA \u2013 ADEJU JUQUI\u00c1.<\/p>\n\n\n\n<p>Por:<br> 14\u00aa Delegacia Regional Vale do Ribeira <\/p>\n\n\n\n<p><\/p>\n\n\n\n<figure class=\"wp-block-image\"><img loading=\"lazy\" width=\"1024\" height=\"576\" src=\"http:\/\/judonacional.com\/wp-content\/uploads\/2019\/08\/copa-cananeia-2019-4-1024x576.jpg\" alt=\"\" class=\"wp-image-3772\" srcset=\"http:\/\/judonacional.com\/wp-content\/uploads\/2019\/08\/copa-cananeia-2019-4-1024x576.jpg 1024w, http:\/\/judonacional.com\/wp-content\/uploads\/2019\/08\/copa-cananeia-2019-4-300x169.jpg 300w, http:\/\/judonacional.com\/wp-content\/uploads\/2019\/08\/copa-cananeia-2019-4-768x432.jpg 768w, http:\/\/judonacional.com\/wp-content\/uploads\/2019\/08\/copa-cananeia-2019-4-820x461.jpg 820w, http:\/\/judonacional.com\/wp-content\/uploads\/2019\/08\/copa-cananeia-2019-4.jpg 1920w\" sizes=\"(max-width: 1024px) 100vw, 1024px\" \/><\/figure>\n\n\n\n<figure class=\"wp-block-image\"><img loading=\"lazy\" width=\"1024\" height=\"576\" src=\"http:\/\/judonacional.com\/wp-content\/uploads\/2019\/08\/copa-cananeia-2019-3-1024x576.jpg\" alt=\"\" class=\"wp-image-3771\" srcset=\"http:\/\/judonacional.com\/wp-content\/uploads\/2019\/08\/copa-cananeia-2019-3-1024x576.jpg 1024w, http:\/\/judonacional.com\/wp-content\/uploads\/2019\/08\/copa-cananeia-2019-3-300x169.jpg 300w, http:\/\/judonacional.com\/wp-content\/uploads\/2019\/08\/copa-cananeia-2019-3-768x432.jpg 768w, http:\/\/judonacional.com\/wp-content\/uploads\/2019\/08\/copa-cananeia-2019-3-820x461.jpg 820w, http:\/\/judonacional.com\/wp-content\/uploads\/2019\/08\/copa-cananeia-2019-3.jpg 1920w\" sizes=\"(max-width: 1024px) 100vw, 1024px\" \/><\/figure>\n\n\n\n<figure class=\"wp-block-image\"><img loading=\"lazy\" width=\"1024\" height=\"576\" src=\"http:\/\/judonacional.com\/wp-content\/uploads\/2019\/08\/copa-cananeia-2019-2-1024x576.jpg\" alt=\"\" class=\"wp-image-3770\" srcset=\"http:\/\/judonacional.com\/wp-content\/uploads\/2019\/08\/copa-cananeia-2019-2-1024x576.jpg 1024w, http:\/\/judonacional.com\/wp-content\/uploads\/2019\/08\/copa-cananeia-2019-2-300x169.jpg 300w, http:\/\/judonacional.com\/wp-content\/uploads\/2019\/08\/copa-cananeia-2019-2-768x432.jpg 768w, http:\/\/judonacional.com\/wp-content\/uploads\/2019\/08\/copa-cananeia-2019-2-820x461.jpg 820w, http:\/\/judonacional.com\/wp-content\/uploads\/2019\/08\/copa-cananeia-2019-2.jpg 1920w\" sizes=\"(max-width: 1024px) 100vw, 1024px\" \/><\/figure>\n\n\n\n<figure class=\"wp-block-image\"><img loading=\"lazy\" width=\"1024\" height=\"576\" src=\"http:\/\/judonacional.com\/wp-content\/uploads\/2019\/08\/copa-cananeia-2019-1-1024x576.jpg\" alt=\"\" class=\"wp-image-3769\" srcset=\"http:\/\/judonacional.com\/wp-content\/uploads\/2019\/08\/copa-cananeia-2019-1-1024x576.jpg 1024w, http:\/\/judonacional.com\/wp-content\/uploads\/2019\/08\/copa-cananeia-2019-1-300x169.jpg 300w, http:\/\/judonacional.com\/wp-content\/uploads\/2019\/08\/copa-cananeia-2019-1-768x432.jpg 768w, http:\/\/judonacional.com\/wp-content\/uploads\/2019\/08\/copa-cananeia-2019-1-820x461.jpg 820w, http:\/\/judonacional.com\/wp-content\/uploads\/2019\/08\/copa-cananeia-2019-1.jpg 1920w\" sizes=\"(max-width: 1024px) 100vw, 1024px\" \/><\/figure>\n","protected":false},"excerpt":{"rendered":"<p>Aconteceu em 04 de agosto, domingo, no gin\u00e1sio Mario Covas , em Canan\u00e9ia, a Copa Canan\u00e9ia de Jud\u00f4. Uma realiza\u00e7\u00e3o do CT MAFETONI DOJO, em parceria com a 14\u00aa Delegacia Regional Vale do Ribeira, evento reuniu quase 300 judocas desta delegacia e da Baixada Santista. Al\u00e9m do Torneio, que contou pontos para o ranking da [&hellip;]<\/p>\n","protected":false},"author":4,"featured_media":3773,"comment_status":"open","ping_status":"open","sticky":false,"template":"","format":"standard","meta":[],"categories":[4,5,1],"tags":[],"_links":{"self":[{"href":"http:\/\/judonacional.com\/index.php?rest_route=\/wp\/v2\/posts\/3767"}],"collection":[{"href":"http:\/\/judonacional.com\/index.php?rest_route=\/wp\/v2\/posts"}],"about":[{"href":"http:\/\/judonacional.com\/index.php?rest_route=\/wp\/v2\/types\/post"}],"author":[{"embeddable":true,"href":"http:\/\/judonacional.com\/index.php?rest_route=\/wp\/v2\/users\/4"}],"replies":[{"embeddable":true,"href":"http:\/\/judonacional.com\/index.php?rest_route=%2Fwp%2Fv2%2Fcomments&post=3767"}],"version-history":[{"count":1,"href":"http:\/\/judonacional.com\/index.php?rest_route=\/wp\/v2\/posts\/3767\/revisions"}],"predecessor-version":[{"id":3775,"href":"http:\/\/judonacional.com\/index.php?rest_route=\/wp\/v2\/posts\/3767\/revisions\/3775"}],"wp:featuredmedia":[{"embeddable":true,"href":"http:\/\/judonacional.com\/index.php?rest_route=\/wp\/v2\/media\/3773"}],"wp:attachment":[{"href":"http:\/\/judonacional.com\/index.php?rest_route=%2Fwp%2Fv2%2Fmedia&parent=3767"}],"wp:term":[{"taxonomy":"category","embeddable":true,"href":"http:\/\/judonacional.com\/index.php?rest_route=%2Fwp%2Fv2%2Fcategories&post=3767"},{"taxonomy":"post_tag","embeddable":true,"href":"http:\/\/judonacional.com\/index.php?rest_route=%2Fwp%2Fv2%2Ftags&post=3767"}],"curies":[{"name":"wp","href":"https:\/\/api.w.org\/{rel}","templated":true}]}}