{"id":3755,"date":"2019-06-17T00:44:21","date_gmt":"2019-06-17T03:44:21","guid":{"rendered":"http:\/\/judonacional.com\/?p=3755"},"modified":"2019-06-17T00:44:28","modified_gmt":"2019-06-17T03:44:28","slug":"confira-o-resultado-e-as-fotos-da-final-do-paulista-de-judo-sub21","status":"publish","type":"post","link":"http:\/\/judonacional.com\/?p=3755","title":{"rendered":"Confira o resultado e as fotos da final do Paulista de Jud\u00f4 Sub21"},"content":{"rendered":"\n<p> Campeonato Paulista Sub21 fase final<br>15 de junho de 2019<br>Por\u00a0<strong>Cristiane Ishizava <\/strong> Fotos\u00a0<strong>Jud\u00f4 Nacional<\/strong><br>Hortol\u00e2ndia &#8211; SP<\/p>\n\n\n\n<p><\/p>\n\n\n\n<p>Foi realizado neste s\u00e1bado 15\/06 no Centro de Especialidades em Artes Marciais \u201cEliel Gomes\u201d, na cidade de Hortol\u00e2ndia, a Fase Final do Campeonato Paulista de Jud\u00f4 classe Sub21. <\/p>\n\n\n\n<p><\/p>\n\n\n\n<p><a href=\"http:\/\/www.fpj.com.br\/novo2016\/wp-content\/uploads\/2018\/12\/clasindivpaulistasub212019.pdf\">Clique aqui\u00a0<\/a>e confira os resultados completos do evento<\/p>\n\n\n\n<p><a href=\"https:\/\/www.flickr.com\/photos\/judonacional\/albums\/72157709117010602\">Clique aqui<\/a> e confira as fotos do evento pelo Jud\u00f4 Nacional<\/p>\n\n\n\n<p><\/p>\n\n\n\n<figure class=\"wp-block-image\"><img loading=\"lazy\" width=\"1024\" height=\"695\" src=\"http:\/\/judonacional.com\/wp-content\/uploads\/2019\/06\/DSC_0697-1024x695.jpg\" alt=\"\" class=\"wp-image-3760\" srcset=\"http:\/\/judonacional.com\/wp-content\/uploads\/2019\/06\/DSC_0697-1024x695.jpg 1024w, http:\/\/judonacional.com\/wp-content\/uploads\/2019\/06\/DSC_0697-300x203.jpg 300w, http:\/\/judonacional.com\/wp-content\/uploads\/2019\/06\/DSC_0697-768x521.jpg 768w, http:\/\/judonacional.com\/wp-content\/uploads\/2019\/06\/DSC_0697-820x556.jpg 820w, http:\/\/judonacional.com\/wp-content\/uploads\/2019\/06\/DSC_0697.jpg 2048w\" sizes=\"(max-width: 1024px) 100vw, 1024px\" \/><\/figure>\n\n\n\n<figure class=\"wp-block-image\"><img loading=\"lazy\" width=\"1024\" height=\"707\" src=\"http:\/\/judonacional.com\/wp-content\/uploads\/2019\/06\/DSC_0634-1024x707.jpg\" alt=\"\" class=\"wp-image-3759\" srcset=\"http:\/\/judonacional.com\/wp-content\/uploads\/2019\/06\/DSC_0634-1024x707.jpg 1024w, http:\/\/judonacional.com\/wp-content\/uploads\/2019\/06\/DSC_0634-300x207.jpg 300w, http:\/\/judonacional.com\/wp-content\/uploads\/2019\/06\/DSC_0634-768x530.jpg 768w, http:\/\/judonacional.com\/wp-content\/uploads\/2019\/06\/DSC_0634-820x566.jpg 820w, http:\/\/judonacional.com\/wp-content\/uploads\/2019\/06\/DSC_0634.jpg 2048w\" sizes=\"(max-width: 1024px) 100vw, 1024px\" \/><\/figure>\n\n\n\n<figure class=\"wp-block-image\"><img loading=\"lazy\" width=\"1024\" height=\"683\" src=\"http:\/\/judonacional.com\/wp-content\/uploads\/2019\/06\/DSC_0572-1024x683.jpg\" alt=\"\" class=\"wp-image-3758\" srcset=\"http:\/\/judonacional.com\/wp-content\/uploads\/2019\/06\/DSC_0572-1024x683.jpg 1024w, http:\/\/judonacional.com\/wp-content\/uploads\/2019\/06\/DSC_0572-300x200.jpg 300w, http:\/\/judonacional.com\/wp-content\/uploads\/2019\/06\/DSC_0572-768x512.jpg 768w, http:\/\/judonacional.com\/wp-content\/uploads\/2019\/06\/DSC_0572-600x400.jpg 600w, http:\/\/judonacional.com\/wp-content\/uploads\/2019\/06\/DSC_0572-820x547.jpg 820w, http:\/\/judonacional.com\/wp-content\/uploads\/2019\/06\/DSC_0572.jpg 2048w\" sizes=\"(max-width: 1024px) 100vw, 1024px\" \/><\/figure>\n\n\n\n<figure class=\"wp-block-image\"><img loading=\"lazy\" width=\"1024\" height=\"610\" src=\"http:\/\/judonacional.com\/wp-content\/uploads\/2019\/06\/DSC_0358-1024x610.jpg\" alt=\"\" class=\"wp-image-3757\" srcset=\"http:\/\/judonacional.com\/wp-content\/uploads\/2019\/06\/DSC_0358-1024x610.jpg 1024w, http:\/\/judonacional.com\/wp-content\/uploads\/2019\/06\/DSC_0358-300x179.jpg 300w, http:\/\/judonacional.com\/wp-content\/uploads\/2019\/06\/DSC_0358-768x457.jpg 768w, http:\/\/judonacional.com\/wp-content\/uploads\/2019\/06\/DSC_0358-820x488.jpg 820w, http:\/\/judonacional.com\/wp-content\/uploads\/2019\/06\/DSC_0358.jpg 2048w\" sizes=\"(max-width: 1024px) 100vw, 1024px\" \/><\/figure>\n\n\n\n<figure class=\"wp-block-image\"><img loading=\"lazy\" width=\"1024\" height=\"671\" src=\"http:\/\/judonacional.com\/wp-content\/uploads\/2019\/06\/DSC_0355-1024x671.jpg\" alt=\"\" class=\"wp-image-3756\" srcset=\"http:\/\/judonacional.com\/wp-content\/uploads\/2019\/06\/DSC_0355-1024x671.jpg 1024w, http:\/\/judonacional.com\/wp-content\/uploads\/2019\/06\/DSC_0355-300x196.jpg 300w, http:\/\/judonacional.com\/wp-content\/uploads\/2019\/06\/DSC_0355-768x503.jpg 768w, http:\/\/judonacional.com\/wp-content\/uploads\/2019\/06\/DSC_0355-820x537.jpg 820w, http:\/\/judonacional.com\/wp-content\/uploads\/2019\/06\/DSC_0355.jpg 2048w\" sizes=\"(max-width: 1024px) 100vw, 1024px\" \/><\/figure>\n\n\n\n<figure class=\"wp-block-image\"><img loading=\"lazy\" width=\"1024\" height=\"683\" src=\"http:\/\/judonacional.com\/wp-content\/uploads\/2019\/06\/7DII1755-1024x683.jpg\" alt=\"\" class=\"wp-image-3762\" srcset=\"http:\/\/judonacional.com\/wp-content\/uploads\/2019\/06\/7DII1755-1024x683.jpg 1024w, http:\/\/judonacional.com\/wp-content\/uploads\/2019\/06\/7DII1755-300x200.jpg 300w, http:\/\/judonacional.com\/wp-content\/uploads\/2019\/06\/7DII1755-768x512.jpg 768w, http:\/\/judonacional.com\/wp-content\/uploads\/2019\/06\/7DII1755-600x400.jpg 600w, http:\/\/judonacional.com\/wp-content\/uploads\/2019\/06\/7DII1755-820x547.jpg 820w, http:\/\/judonacional.com\/wp-content\/uploads\/2019\/06\/7DII1755.jpg 2048w\" sizes=\"(max-width: 1024px) 100vw, 1024px\" \/><\/figure>\n\n\n\n<figure class=\"wp-block-image\"><img loading=\"lazy\" width=\"1024\" height=\"683\" src=\"http:\/\/judonacional.com\/wp-content\/uploads\/2019\/06\/7DII1757-1024x683.jpg\" alt=\"\" class=\"wp-image-3763\" srcset=\"http:\/\/judonacional.com\/wp-content\/uploads\/2019\/06\/7DII1757-1024x683.jpg 1024w, http:\/\/judonacional.com\/wp-content\/uploads\/2019\/06\/7DII1757-300x200.jpg 300w, http:\/\/judonacional.com\/wp-content\/uploads\/2019\/06\/7DII1757-768x512.jpg 768w, http:\/\/judonacional.com\/wp-content\/uploads\/2019\/06\/7DII1757-600x400.jpg 600w, http:\/\/judonacional.com\/wp-content\/uploads\/2019\/06\/7DII1757-820x547.jpg 820w, http:\/\/judonacional.com\/wp-content\/uploads\/2019\/06\/7DII1757.jpg 2048w\" sizes=\"(max-width: 1024px) 100vw, 1024px\" \/><\/figure>\n\n\n\n<figure class=\"wp-block-image\"><img loading=\"lazy\" width=\"1024\" height=\"683\" src=\"http:\/\/judonacional.com\/wp-content\/uploads\/2019\/06\/DSC_0960-1024x683.jpg\" alt=\"\" class=\"wp-image-3764\" srcset=\"http:\/\/judonacional.com\/wp-content\/uploads\/2019\/06\/DSC_0960-1024x683.jpg 1024w, http:\/\/judonacional.com\/wp-content\/uploads\/2019\/06\/DSC_0960-300x200.jpg 300w, http:\/\/judonacional.com\/wp-content\/uploads\/2019\/06\/DSC_0960-768x512.jpg 768w, http:\/\/judonacional.com\/wp-content\/uploads\/2019\/06\/DSC_0960-600x400.jpg 600w, http:\/\/judonacional.com\/wp-content\/uploads\/2019\/06\/DSC_0960-820x547.jpg 820w, http:\/\/judonacional.com\/wp-content\/uploads\/2019\/06\/DSC_0960.jpg 2048w\" sizes=\"(max-width: 1024px) 100vw, 1024px\" \/><\/figure>\n","protected":false},"excerpt":{"rendered":"<p>Campeonato Paulista Sub21 fase final15 de junho de 2019Por\u00a0Cristiane Ishizava Fotos\u00a0Jud\u00f4 NacionalHortol\u00e2ndia &#8211; SP Foi realizado neste s\u00e1bado 15\/06 no Centro de Especialidades em Artes Marciais \u201cEliel Gomes\u201d, na cidade de Hortol\u00e2ndia, a Fase Final do Campeonato Paulista de Jud\u00f4 classe Sub21. Clique aqui\u00a0e confira os resultados completos do evento Clique aqui e confira as [&hellip;]<\/p>\n","protected":false},"author":4,"featured_media":3761,"comment_status":"open","ping_status":"open","sticky":false,"template":"","format":"standard","meta":[],"categories":[8,7,4,5],"tags":[],"_links":{"self":[{"href":"http:\/\/judonacional.com\/index.php?rest_route=\/wp\/v2\/posts\/3755"}],"collection":[{"href":"http:\/\/judonacional.com\/index.php?rest_route=\/wp\/v2\/posts"}],"about":[{"href":"http:\/\/judonacional.com\/index.php?rest_route=\/wp\/v2\/types\/post"}],"author":[{"embeddable":true,"href":"http:\/\/judonacional.com\/index.php?rest_route=\/wp\/v2\/users\/4"}],"replies":[{"embeddable":true,"href":"http:\/\/judonacional.com\/index.php?rest_route=%2Fwp%2Fv2%2Fcomments&post=3755"}],"version-history":[{"count":1,"href":"http:\/\/judonacional.com\/index.php?rest_route=\/wp\/v2\/posts\/3755\/revisions"}],"predecessor-version":[{"id":3765,"href":"http:\/\/judonacional.com\/index.php?rest_route=\/wp\/v2\/posts\/3755\/revisions\/3765"}],"wp:featuredmedia":[{"embeddable":true,"href":"http:\/\/judonacional.com\/index.php?rest_route=\/wp\/v2\/media\/3761"}],"wp:attachment":[{"href":"http:\/\/judonacional.com\/index.php?rest_route=%2Fwp%2Fv2%2Fmedia&parent=3755"}],"wp:term":[{"taxonomy":"category","embeddable":true,"href":"http:\/\/judonacional.com\/index.php?rest_route=%2Fwp%2Fv2%2Fcategories&post=3755"},{"taxonomy":"post_tag","embeddable":true,"href":"http:\/\/judonacional.com\/index.php?rest_route=%2Fwp%2Fv2%2Ftags&post=3755"}],"curies":[{"name":"wp","href":"https:\/\/api.w.org\/{rel}","templated":true}]}}