{"id":3726,"date":"2019-04-06T17:37:51","date_gmt":"2019-04-06T20:37:51","guid":{"rendered":"http:\/\/judonacional.com\/?p=3726"},"modified":"2019-04-06T17:43:57","modified_gmt":"2019-04-06T20:43:57","slug":"iii-desafio-24h-operacao-inverno","status":"publish","type":"post","link":"http:\/\/judonacional.com\/?p=3726","title":{"rendered":"III DESAFIO 24H \u201cOPERA\u00c7\u00c3O INVERNO\u201d"},"content":{"rendered":"\n<p><br><\/p>\n\n\n\n<p><strong>&nbsp;&nbsp;&nbsp;&nbsp;&nbsp;&nbsp;&nbsp;&nbsp;&nbsp;&nbsp;&nbsp; Pela terceira vez consecutiva os judocas e policiais das tropas especiais da pol\u00edcia militar estar\u00e3o reunidos na sede da ADPM Reg. de S\u00e3o Jos\u00e9 dos Campos para realizar o mais impactante evento de jud\u00f4 do Brasil, o DESAFIO 24H \u201cOPERA\u00c7\u00c3O INVERNO\u201d.<\/strong><\/p>\n\n\n\n<figure class=\"wp-block-image\"><img loading=\"lazy\" width=\"960\" height=\"720\" src=\"http:\/\/judonacional.com\/wp-content\/uploads\/2019\/04\/Slide1.jpg\" alt=\"\" class=\"wp-image-3733\" srcset=\"http:\/\/judonacional.com\/wp-content\/uploads\/2019\/04\/Slide1.jpg 960w, http:\/\/judonacional.com\/wp-content\/uploads\/2019\/04\/Slide1-300x225.jpg 300w, http:\/\/judonacional.com\/wp-content\/uploads\/2019\/04\/Slide1-768x576.jpg 768w, http:\/\/judonacional.com\/wp-content\/uploads\/2019\/04\/Slide1-820x615.jpg 820w\" sizes=\"(max-width: 960px) 100vw, 960px\" \/><figcaption>Desafio 24h realizado em Bastos-SP (Foto: Cristiane Ishizava)<\/figcaption><\/figure>\n\n\n\n<p><strong>Leia o depoimento de um expressivo benem\u00e9rito do jud\u00f4 brasileiro que participou de uma das edi\u00e7\u00f5es, o qual j\u00e1 incluiu como parte das atividades do seu kangueiko na cidade de Bastos deste ano, o Sensei Uichiro Umakakeba:<\/strong><\/p>\n\n\n\n<p><strong> Leia o depoimento de um expressivo benem\u00e9rito do jud\u00f4 brasileiro que participou de uma das edi\u00e7\u00f5es, o qual j\u00e1 incluiu como parte das atividades do seu kangueiko na cidade de Bastos deste ano, o Sensei Uichiro Umakakeba:<\/strong><\/p>\n\n\n\n<p><strong><em>\u201cFoi uma experi\u00eancia espetacular,\nassustador, impactante. Poderia correr o mundo e um dia breve chegar ao\nconhecimento de Kodokan e ser adotado para criar nos judocas um esp\u00edrito ainda\nmais forte de combate. Agrade\u00e7o ao prof Max, coordenador da academia de Bastos\nque teve a feliz id\u00e9ia de introduzir no Shotyugueiko 2019.\u201d<\/em><\/strong><\/p>\n\n\n\n<p><strong>Como visto \u00e9 um treinamento\ndiferenciado e dedicado a melhora psicof\u00edsica de qualquer atleta competidor,\nafinal n\u00e3o se trata de o quanto voc\u00ea \u00e9 um talento no jud\u00f4, mas sim o quanto\neste talento suporta as adversidades da fome, do frio, do medo e a vontade de\nvencer.<\/strong><\/p>\n\n\n\n<figure class=\"wp-block-image\"><img loading=\"lazy\" width=\"960\" height=\"720\" src=\"http:\/\/judonacional.com\/wp-content\/uploads\/2019\/04\/Slide15.jpg\" alt=\"\" class=\"wp-image-3731\" srcset=\"http:\/\/judonacional.com\/wp-content\/uploads\/2019\/04\/Slide15.jpg 960w, http:\/\/judonacional.com\/wp-content\/uploads\/2019\/04\/Slide15-300x225.jpg 300w, http:\/\/judonacional.com\/wp-content\/uploads\/2019\/04\/Slide15-768x576.jpg 768w, http:\/\/judonacional.com\/wp-content\/uploads\/2019\/04\/Slide15-820x615.jpg 820w\" sizes=\"(max-width: 960px) 100vw, 960px\" \/><figcaption>Atletas no Desafio 24h em Bastos-SP  (Foto: Cristiane Ishizava)<br><\/figcaption><\/figure>\n\n\n\n<p><strong>E para motivar a tropa, neste\ndesafio contaremos com a presen\u00e7a do atleta Jefferson Santos Junior, o \u201cJuninho\nBomba\u201d, que hoje defende o Instituto Rea\u00e7\u00e3o e a Sele\u00e7\u00e3o Brasileira de Jud\u00f4, mas\nque tamb\u00e9m foi revelado nos tatames do Projeto Olhar Futuro.<\/strong><\/p>\n\n\n\n<p><strong>Lembre-se, uns tem mais n\u00e3o podem e\nse sua leitura chegou at\u00e9 aqui significa que voc\u00ea j\u00e1 \u00e9 um pr\u00e9-candidato,\narrisque-se e embarque nessa miss\u00e3o conosco, voc\u00ea nunca mais ser\u00e1 o mesmo sabe\nporqu\u00ea?<\/strong><\/p>\n\n\n\n<p><strong>Por que o zero \u00e9 nosso!!! Se quer\nsaber o que isto significa, siga com sua leitura at\u00e9 o fim.<\/strong><\/p>\n\n\n\n<figure class=\"wp-block-image\"><img loading=\"lazy\" width=\"960\" height=\"720\" src=\"http:\/\/judonacional.com\/wp-content\/uploads\/2019\/04\/Slide4.jpg\" alt=\"\" class=\"wp-image-3734\" srcset=\"http:\/\/judonacional.com\/wp-content\/uploads\/2019\/04\/Slide4.jpg 960w, http:\/\/judonacional.com\/wp-content\/uploads\/2019\/04\/Slide4-300x225.jpg 300w, http:\/\/judonacional.com\/wp-content\/uploads\/2019\/04\/Slide4-768x576.jpg 768w, http:\/\/judonacional.com\/wp-content\/uploads\/2019\/04\/Slide4-820x615.jpg 820w\" sizes=\"(max-width: 960px) 100vw, 960px\" \/><figcaption>Sensei Anderson Neves no Desafio 24h de Bastos-SP (Foto: Cristiane Ishizava)<\/figcaption><\/figure>\n\n\n\n<p><strong>Este ano o desafio ser\u00e1 realizado no as 06h da manh\u00e3\ndo dia 06 de julho de 2019, nas depend\u00eancias da ADPM Reg. de S\u00e3o Jos\u00e9 dos\nCampos\/SP. O valor da inscri\u00e7\u00e3o das primeiras inscri\u00e7\u00f5es ser\u00e3o:<\/strong><\/p>\n\n\n\n<p><strong>&#8211; R$ 120,00 para os inscritos em abril;<\/strong><\/p>\n\n\n\n<p><strong>&#8211; R$ 140,00 para os inscritos em maio;<\/strong><\/p>\n\n\n\n<p><strong>&#8211; R$ 160,00 para os inscritos em junho;<\/strong><\/p>\n\n\n\n<p><strong>&#8211; os atletas do Projeto Olhar Futuro ter\u00e3o 20% de desconto.<\/strong><\/p>\n\n\n\n<p><strong>Os contatos para iniciar o processo seletivo e coleta\nde informa\u00e7\u00f5es s\u00e3o: (12) 98113-2529 Anderson Neves e (12) 99217-0005 Jefferson\nSantos.<\/strong><\/p>\n\n\n\n<figure class=\"wp-block-image\"><img loading=\"lazy\" width=\"960\" height=\"720\" src=\"http:\/\/judonacional.com\/wp-content\/uploads\/2019\/04\/Slide9.jpg\" alt=\"\" class=\"wp-image-3732\" srcset=\"http:\/\/judonacional.com\/wp-content\/uploads\/2019\/04\/Slide9.jpg 960w, http:\/\/judonacional.com\/wp-content\/uploads\/2019\/04\/Slide9-300x225.jpg 300w, http:\/\/judonacional.com\/wp-content\/uploads\/2019\/04\/Slide9-768x576.jpg 768w, http:\/\/judonacional.com\/wp-content\/uploads\/2019\/04\/Slide9-820x615.jpg 820w\" sizes=\"(max-width: 960px) 100vw, 960px\" \/><\/figure>\n\n\n\n<figure class=\"wp-block-image\"><img loading=\"lazy\" width=\"960\" height=\"720\" src=\"http:\/\/judonacional.com\/wp-content\/uploads\/2019\/04\/Slide10.jpg\" alt=\"\" class=\"wp-image-3730\" srcset=\"http:\/\/judonacional.com\/wp-content\/uploads\/2019\/04\/Slide10.jpg 960w, http:\/\/judonacional.com\/wp-content\/uploads\/2019\/04\/Slide10-300x225.jpg 300w, http:\/\/judonacional.com\/wp-content\/uploads\/2019\/04\/Slide10-768x576.jpg 768w, http:\/\/judonacional.com\/wp-content\/uploads\/2019\/04\/Slide10-820x615.jpg 820w\" sizes=\"(max-width: 960px) 100vw, 960px\" \/><\/figure>\n\n\n\n<figure class=\"wp-block-image\"><img loading=\"lazy\" width=\"960\" height=\"720\" src=\"http:\/\/judonacional.com\/wp-content\/uploads\/2019\/04\/Slide19.jpg\" alt=\"\" class=\"wp-image-3729\" srcset=\"http:\/\/judonacional.com\/wp-content\/uploads\/2019\/04\/Slide19.jpg 960w, http:\/\/judonacional.com\/wp-content\/uploads\/2019\/04\/Slide19-300x225.jpg 300w, http:\/\/judonacional.com\/wp-content\/uploads\/2019\/04\/Slide19-768x576.jpg 768w, http:\/\/judonacional.com\/wp-content\/uploads\/2019\/04\/Slide19-820x615.jpg 820w\" sizes=\"(max-width: 960px) 100vw, 960px\" \/><\/figure>\n\n\n\n<figure class=\"wp-block-image\"><img loading=\"lazy\" width=\"960\" height=\"720\" src=\"http:\/\/judonacional.com\/wp-content\/uploads\/2019\/04\/Slide20-1.jpg\" alt=\"\" class=\"wp-image-3735\" srcset=\"http:\/\/judonacional.com\/wp-content\/uploads\/2019\/04\/Slide20-1.jpg 960w, http:\/\/judonacional.com\/wp-content\/uploads\/2019\/04\/Slide20-1-300x225.jpg 300w, http:\/\/judonacional.com\/wp-content\/uploads\/2019\/04\/Slide20-1-768x576.jpg 768w, http:\/\/judonacional.com\/wp-content\/uploads\/2019\/04\/Slide20-1-820x615.jpg 820w\" sizes=\"(max-width: 960px) 100vw, 960px\" \/><\/figure>\n\n\n\n<figure class=\"wp-block-image\"><img loading=\"lazy\" width=\"1024\" height=\"683\" src=\"http:\/\/judonacional.com\/wp-content\/uploads\/2019\/01\/DSC_0975-1024x683.jpg\" alt=\"\" class=\"wp-image-3626\" srcset=\"http:\/\/judonacional.com\/wp-content\/uploads\/2019\/01\/DSC_0975-1024x683.jpg 1024w, http:\/\/judonacional.com\/wp-content\/uploads\/2019\/01\/DSC_0975-300x200.jpg 300w, http:\/\/judonacional.com\/wp-content\/uploads\/2019\/01\/DSC_0975-768x512.jpg 768w, http:\/\/judonacional.com\/wp-content\/uploads\/2019\/01\/DSC_0975-600x400.jpg 600w, http:\/\/judonacional.com\/wp-content\/uploads\/2019\/01\/DSC_0975-820x547.jpg 820w, http:\/\/judonacional.com\/wp-content\/uploads\/2019\/01\/DSC_0975.jpg 2048w\" sizes=\"(max-width: 1024px) 100vw, 1024px\" \/><\/figure>\n\n\n\n<figure class=\"wp-block-image\"><img loading=\"lazy\" width=\"1024\" height=\"683\" src=\"http:\/\/judonacional.com\/wp-content\/uploads\/2019\/01\/DSC_1627-1024x683.jpg\" alt=\"\" class=\"wp-image-3632\" srcset=\"http:\/\/judonacional.com\/wp-content\/uploads\/2019\/01\/DSC_1627-1024x683.jpg 1024w, http:\/\/judonacional.com\/wp-content\/uploads\/2019\/01\/DSC_1627-300x200.jpg 300w, http:\/\/judonacional.com\/wp-content\/uploads\/2019\/01\/DSC_1627-768x512.jpg 768w, http:\/\/judonacional.com\/wp-content\/uploads\/2019\/01\/DSC_1627-600x400.jpg 600w, http:\/\/judonacional.com\/wp-content\/uploads\/2019\/01\/DSC_1627-820x547.jpg 820w, http:\/\/judonacional.com\/wp-content\/uploads\/2019\/01\/DSC_1627.jpg 2048w\" sizes=\"(max-width: 1024px) 100vw, 1024px\" \/><\/figure>\n","protected":false},"excerpt":{"rendered":"<p>&nbsp;&nbsp;&nbsp;&nbsp;&nbsp;&nbsp;&nbsp;&nbsp;&nbsp;&nbsp;&nbsp; Pela terceira vez consecutiva os judocas e policiais das tropas especiais da pol\u00edcia militar estar\u00e3o reunidos na sede da ADPM Reg. de S\u00e3o Jos\u00e9 dos Campos para realizar o mais impactante evento de jud\u00f4 do Brasil, o DESAFIO 24H \u201cOPERA\u00c7\u00c3O INVERNO\u201d. Leia o depoimento de um expressivo benem\u00e9rito do jud\u00f4 brasileiro que participou de [&hellip;]<\/p>\n","protected":false},"author":4,"featured_media":3727,"comment_status":"open","ping_status":"open","sticky":true,"template":"","format":"standard","meta":[],"categories":[4,5,1],"tags":[],"_links":{"self":[{"href":"http:\/\/judonacional.com\/index.php?rest_route=\/wp\/v2\/posts\/3726"}],"collection":[{"href":"http:\/\/judonacional.com\/index.php?rest_route=\/wp\/v2\/posts"}],"about":[{"href":"http:\/\/judonacional.com\/index.php?rest_route=\/wp\/v2\/types\/post"}],"author":[{"embeddable":true,"href":"http:\/\/judonacional.com\/index.php?rest_route=\/wp\/v2\/users\/4"}],"replies":[{"embeddable":true,"href":"http:\/\/judonacional.com\/index.php?rest_route=%2Fwp%2Fv2%2Fcomments&post=3726"}],"version-history":[{"count":2,"href":"http:\/\/judonacional.com\/index.php?rest_route=\/wp\/v2\/posts\/3726\/revisions"}],"predecessor-version":[{"id":3737,"href":"http:\/\/judonacional.com\/index.php?rest_route=\/wp\/v2\/posts\/3726\/revisions\/3737"}],"wp:featuredmedia":[{"embeddable":true,"href":"http:\/\/judonacional.com\/index.php?rest_route=\/wp\/v2\/media\/3727"}],"wp:attachment":[{"href":"http:\/\/judonacional.com\/index.php?rest_route=%2Fwp%2Fv2%2Fmedia&parent=3726"}],"wp:term":[{"taxonomy":"category","embeddable":true,"href":"http:\/\/judonacional.com\/index.php?rest_route=%2Fwp%2Fv2%2Fcategories&post=3726"},{"taxonomy":"post_tag","embeddable":true,"href":"http:\/\/judonacional.com\/index.php?rest_route=%2Fwp%2Fv2%2Ftags&post=3726"}],"curies":[{"name":"wp","href":"https:\/\/api.w.org\/{rel}","templated":true}]}}