{"id":3701,"date":"2019-03-14T22:09:56","date_gmt":"2019-03-15T01:09:56","guid":{"rendered":"http:\/\/judonacional.com\/?p=3701"},"modified":"2019-03-14T22:26:29","modified_gmt":"2019-03-15T01:26:29","slug":"marco-e-o-mes-de-conscientizacao-da-sindrome-de-down","status":"publish","type":"post","link":"http:\/\/judonacional.com\/?p=3701","title":{"rendered":"Mar\u00e7o \u00e9 o m\u00eas de conscientiza\u00e7\u00e3o da S\u00edndrome de Down!"},"content":{"rendered":"\n<p>A S\u00edndrome de Down \u00e9 um dist\u00farbio gen\u00e9tico que pode afetar qualquer ra\u00e7a, sexo ou etnia, e este dist\u00farbio ocorre durante a divis\u00e3o celular do embri\u00e3o.<br>Em uma c\u00e9lula normal de um ser humano, existem 46 cromossomos divididos em 23 pares, j\u00e1 a pessoa que nasce com S\u00edndrome de Down possui 47 cromossomos.<br>Infelizmente, hoje em dia ainda h\u00e1 muito preconceito. Uma das a\u00e7\u00f5es que podemos contribuir para diminuir a exclus\u00e3o da pessoa com s\u00edndrome de Down \u00e9 o conv\u00edvio social.<\/p>\n\n\n\n<p>N\u00e3o \u00e9 s\u00f3 um cromossomo a mais. Tamb\u00e9m \u00e9 mais carinho, mais alegria, mais verdade e mais amor. A \u00fanica coisa que precisa ser menos \u00e9 o preconceito.<\/p>\n\n\n\n<p>Muito obrigada de&nbsp;&#x2764;&#xfe0f;&nbsp;aos papais e mam\u00e3es dos nossos lindos e encantadores mini modelinhos:<br>Heitor &#8211;&nbsp;<a href=\"https:\/\/www.facebook.com\/myrcieli?__tn__=K-R&amp;eid=ARCuvEbUYEOhvq7GNAh06YosCMCA3Ss1cGVI2MhP60WnyOyjIVGdTTJnli9IjgYXEMEf-uMSiEmPS_bB&amp;fref=mentions&amp;__xts__%5B0%5D=68.ARC2KiHPFDE9dUlxyh0GSv6ZpXvLy23AaiUjxY5vAaFECTugn2WQ2Vrm5jeYLJUiT4vKk1bJ6RB4C3T6z9xH2QYyXWWVTThzdgeSuqA-yWNDV5uAUM--Ry8sghB7O61DPxCZcEXpnnvzgx-j7UhkS0tBXgq1-yqPDetPf90HFg188Rbs-OUhKcXokNPQK7ptlFsQjFSBWfJL8rWuhM7-B7LujgmwYq730gmErSn16JR84a8-0NM5Q_AJ7eGGPOHixAKYSr6mFu22PoYxTaK3lDnFO0hBhb9_OusjfV9Qy-IM87gvb-cHAhiFZsB7v2wxsau9WbEz0MrE6cYpM4JWm2SoXA\">Myrcieli Marconatto<\/a>&nbsp;e&nbsp;<a href=\"https:\/\/www.facebook.com\/Hunfrey-Borges-119433402028654\/?__tn__=K-R&amp;eid=ARCsXPfRjEZtOGlzmOvNiLVrIf-xz4LWghDTn5JIoALEphZWOdxK4MuJIIaMFvfR0P7-lmHf4usNUnzX&amp;fref=mentions&amp;__xts__%5B0%5D=68.ARC2KiHPFDE9dUlxyh0GSv6ZpXvLy23AaiUjxY5vAaFECTugn2WQ2Vrm5jeYLJUiT4vKk1bJ6RB4C3T6z9xH2QYyXWWVTThzdgeSuqA-yWNDV5uAUM--Ry8sghB7O61DPxCZcEXpnnvzgx-j7UhkS0tBXgq1-yqPDetPf90HFg188Rbs-OUhKcXokNPQK7ptlFsQjFSBWfJL8rWuhM7-B7LujgmwYq730gmErSn16JR84a8-0NM5Q_AJ7eGGPOHixAKYSr6mFu22PoYxTaK3lDnFO0hBhb9_OusjfV9Qy-IM87gvb-cHAhiFZsB7v2wxsau9WbEz0MrE6cYpM4JWm2SoXA\">Hunfrey Borges<\/a><br>Maria &#8211;&nbsp;<a href=\"https:\/\/www.facebook.com\/aline.deangeli.5?__tn__=K-R&amp;eid=ARD75GMaYcrRx8lGqVRhiK1gsSlxxGkOO1cIF8fFy9AKZBc74DMlFfo7V-OY2gxWTXyy-mp4Zlx71LQ0&amp;fref=mentions&amp;__xts__%5B0%5D=68.ARC2KiHPFDE9dUlxyh0GSv6ZpXvLy23AaiUjxY5vAaFECTugn2WQ2Vrm5jeYLJUiT4vKk1bJ6RB4C3T6z9xH2QYyXWWVTThzdgeSuqA-yWNDV5uAUM--Ry8sghB7O61DPxCZcEXpnnvzgx-j7UhkS0tBXgq1-yqPDetPf90HFg188Rbs-OUhKcXokNPQK7ptlFsQjFSBWfJL8rWuhM7-B7LujgmwYq730gmErSn16JR84a8-0NM5Q_AJ7eGGPOHixAKYSr6mFu22PoYxTaK3lDnFO0hBhb9_OusjfV9Qy-IM87gvb-cHAhiFZsB7v2wxsau9WbEz0MrE6cYpM4JWm2SoXA\">Aline de Angeli<\/a>&nbsp;e&nbsp;<a href=\"https:\/\/www.facebook.com\/thiagotelatinFOGO?__tn__=K-R&amp;eid=ARACFLGNwC2B-xq3wR-1b09YPScdRIVY61c77aCFC3h4A9AKTrv0kLt7isfc6DysZojJG_dm6d7nclV5&amp;fref=mentions&amp;__xts__%5B0%5D=68.ARC2KiHPFDE9dUlxyh0GSv6ZpXvLy23AaiUjxY5vAaFECTugn2WQ2Vrm5jeYLJUiT4vKk1bJ6RB4C3T6z9xH2QYyXWWVTThzdgeSuqA-yWNDV5uAUM--Ry8sghB7O61DPxCZcEXpnnvzgx-j7UhkS0tBXgq1-yqPDetPf90HFg188Rbs-OUhKcXokNPQK7ptlFsQjFSBWfJL8rWuhM7-B7LujgmwYq730gmErSn16JR84a8-0NM5Q_AJ7eGGPOHixAKYSr6mFu22PoYxTaK3lDnFO0hBhb9_OusjfV9Qy-IM87gvb-cHAhiFZsB7v2wxsau9WbEz0MrE6cYpM4JWm2SoXA\">Fogo Thiago Telatin<\/a><br>Lorenzo &#8211;&nbsp;<a href=\"https:\/\/www.facebook.com\/amanda.nunesdasilva.5?__tn__=K-R&amp;eid=ARDWS0LWIkkDP0n_bA7xr4nSMlmDk6Cmg59oiV2kmazLVdSynSvEwCGoKfGGINkV1JYdCYGE_DU8ixzt&amp;fref=mentions&amp;__xts__%5B0%5D=68.ARC2KiHPFDE9dUlxyh0GSv6ZpXvLy23AaiUjxY5vAaFECTugn2WQ2Vrm5jeYLJUiT4vKk1bJ6RB4C3T6z9xH2QYyXWWVTThzdgeSuqA-yWNDV5uAUM--Ry8sghB7O61DPxCZcEXpnnvzgx-j7UhkS0tBXgq1-yqPDetPf90HFg188Rbs-OUhKcXokNPQK7ptlFsQjFSBWfJL8rWuhM7-B7LujgmwYq730gmErSn16JR84a8-0NM5Q_AJ7eGGPOHixAKYSr6mFu22PoYxTaK3lDnFO0hBhb9_OusjfV9Qy-IM87gvb-cHAhiFZsB7v2wxsau9WbEz0MrE6cYpM4JWm2SoXA\">Amanda Nunes da Silva<\/a>&nbsp;e&nbsp;<a href=\"https:\/\/www.facebook.com\/reginaldo.silva.12576049?__tn__=K-R&amp;eid=ARAzHlYjD0JJAUzgu8K7EPp4utO7-dAnIEu4Lfn5KBWqgDyQkpsVZ3dIySTnQrli2_KMJPPLDLk02K3E&amp;fref=mentions&amp;__xts__%5B0%5D=68.ARC2KiHPFDE9dUlxyh0GSv6ZpXvLy23AaiUjxY5vAaFECTugn2WQ2Vrm5jeYLJUiT4vKk1bJ6RB4C3T6z9xH2QYyXWWVTThzdgeSuqA-yWNDV5uAUM--Ry8sghB7O61DPxCZcEXpnnvzgx-j7UhkS0tBXgq1-yqPDetPf90HFg188Rbs-OUhKcXokNPQK7ptlFsQjFSBWfJL8rWuhM7-B7LujgmwYq730gmErSn16JR84a8-0NM5Q_AJ7eGGPOHixAKYSr6mFu22PoYxTaK3lDnFO0hBhb9_OusjfV9Qy-IM87gvb-cHAhiFZsB7v2wxsau9WbEz0MrE6cYpM4JWm2SoXA\">Reginaldo Silva<\/a><br>Alice &#8211;&nbsp;<a href=\"https:\/\/www.facebook.com\/elainecgoes?__tn__=K-R&amp;eid=ARAwo6w8Qs2J0qbFm1eCzZbmbBXLRCcjEUKmzhrbRCihPzLY1y8A2tX7tP8ufhOCi9kR2cY2_1BrdnUS&amp;fref=mentions&amp;__xts__%5B0%5D=68.ARC2KiHPFDE9dUlxyh0GSv6ZpXvLy23AaiUjxY5vAaFECTugn2WQ2Vrm5jeYLJUiT4vKk1bJ6RB4C3T6z9xH2QYyXWWVTThzdgeSuqA-yWNDV5uAUM--Ry8sghB7O61DPxCZcEXpnnvzgx-j7UhkS0tBXgq1-yqPDetPf90HFg188Rbs-OUhKcXokNPQK7ptlFsQjFSBWfJL8rWuhM7-B7LujgmwYq730gmErSn16JR84a8-0NM5Q_AJ7eGGPOHixAKYSr6mFu22PoYxTaK3lDnFO0hBhb9_OusjfV9Qy-IM87gvb-cHAhiFZsB7v2wxsau9WbEz0MrE6cYpM4JWm2SoXA\">Elaine Goes<\/a>&nbsp;e&nbsp;<a href=\"https:\/\/www.facebook.com\/ton.duarte.3?__tn__=K-R&amp;eid=ARAdIUMVlp-L5l6hMxE8-LF8qbGLu2ogg2C1OrT-SoVhZ0or88OK7lv-4A8SvnI8oT8m7KPPxyNE71vI&amp;fref=mentions&amp;__xts__%5B0%5D=68.ARC2KiHPFDE9dUlxyh0GSv6ZpXvLy23AaiUjxY5vAaFECTugn2WQ2Vrm5jeYLJUiT4vKk1bJ6RB4C3T6z9xH2QYyXWWVTThzdgeSuqA-yWNDV5uAUM--Ry8sghB7O61DPxCZcEXpnnvzgx-j7UhkS0tBXgq1-yqPDetPf90HFg188Rbs-OUhKcXokNPQK7ptlFsQjFSBWfJL8rWuhM7-B7LujgmwYq730gmErSn16JR84a8-0NM5Q_AJ7eGGPOHixAKYSr6mFu22PoYxTaK3lDnFO0hBhb9_OusjfV9Qy-IM87gvb-cHAhiFZsB7v2wxsau9WbEz0MrE6cYpM4JWm2SoXA\">Ton Duarte<\/a><\/p>\n\n\n\n<p>O&nbsp;<a href=\"https:\/\/www.facebook.com\/JudoNacional\/?__tn__=K-R&amp;eid=ARCw8WEQUDQYB91hkT1cuzE0vvuQY1hjj-p1qoqjAOJnHgPAQ_vc74MfBI2zFljFCyAe3QaBBAP_12cr&amp;fref=mentions&amp;__xts__%5B0%5D=68.ARC2KiHPFDE9dUlxyh0GSv6ZpXvLy23AaiUjxY5vAaFECTugn2WQ2Vrm5jeYLJUiT4vKk1bJ6RB4C3T6z9xH2QYyXWWVTThzdgeSuqA-yWNDV5uAUM--Ry8sghB7O61DPxCZcEXpnnvzgx-j7UhkS0tBXgq1-yqPDetPf90HFg188Rbs-OUhKcXokNPQK7ptlFsQjFSBWfJL8rWuhM7-B7LujgmwYq730gmErSn16JR84a8-0NM5Q_AJ7eGGPOHixAKYSr6mFu22PoYxTaK3lDnFO0hBhb9_OusjfV9Qy-IM87gvb-cHAhiFZsB7v2wxsau9WbEz0MrE6cYpM4JWm2SoXA\">Jud\u00f4 Nacional<\/a>&nbsp;e a&nbsp;<a href=\"https:\/\/www.facebook.com\/kimonosshihan\/?__tn__=K-R&amp;eid=ARBQgtsHVX0hYwrDXbIGr5NshCNL-tt7nJZLprX_4ywJSBvUeVciWFIFTpBb7G6SzcXZCadK5x0Kkr0M&amp;fref=mentions&amp;__xts__%5B0%5D=68.ARC2KiHPFDE9dUlxyh0GSv6ZpXvLy23AaiUjxY5vAaFECTugn2WQ2Vrm5jeYLJUiT4vKk1bJ6RB4C3T6z9xH2QYyXWWVTThzdgeSuqA-yWNDV5uAUM--Ry8sghB7O61DPxCZcEXpnnvzgx-j7UhkS0tBXgq1-yqPDetPf90HFg188Rbs-OUhKcXokNPQK7ptlFsQjFSBWfJL8rWuhM7-B7LujgmwYq730gmErSn16JR84a8-0NM5Q_AJ7eGGPOHixAKYSr6mFu22PoYxTaK3lDnFO0hBhb9_OusjfV9Qy-IM87gvb-cHAhiFZsB7v2wxsau9WbEz0MrE6cYpM4JWm2SoXA\">Shihan Kimonos<\/a>&nbsp;abra\u00e7am esta causa, Shihan \u00e9 a marca da conquista!<br>Obrigada&nbsp;<a href=\"https:\/\/www.facebook.com\/antonio.toledo.543?__tn__=K-R&amp;eid=ARDL5OyqRRd93i8uX-LmlTDHSglhFVVrWwyCXvvUVzE7jd8S1Z9io1OtUvP8G6KJkMO25hSqmycl4BT7&amp;fref=mentions&amp;__xts__%5B0%5D=68.ARC2KiHPFDE9dUlxyh0GSv6ZpXvLy23AaiUjxY5vAaFECTugn2WQ2Vrm5jeYLJUiT4vKk1bJ6RB4C3T6z9xH2QYyXWWVTThzdgeSuqA-yWNDV5uAUM--Ry8sghB7O61DPxCZcEXpnnvzgx-j7UhkS0tBXgq1-yqPDetPf90HFg188Rbs-OUhKcXokNPQK7ptlFsQjFSBWfJL8rWuhM7-B7LujgmwYq730gmErSn16JR84a8-0NM5Q_AJ7eGGPOHixAKYSr6mFu22PoYxTaK3lDnFO0hBhb9_OusjfV9Qy-IM87gvb-cHAhiFZsB7v2wxsau9WbEz0MrE6cYpM4JWm2SoXA\">Antonio Toledo<\/a><\/p>\n\n\n\n<p>PS: Juntar estes 4 sapequinhas e colocar juntos para fotografar n\u00e3o \u00e9 tarefa para qualquer um n\u00e3o&nbsp;&#x1f92d;&#x1f605;, mas arrancar um lindo sorriso deles \u00e9 a coisa mais f\u00e1cil&nbsp;&#x1f60d;, porque o amor e o respeito n\u00e3o conta cromossomos!<\/p>\n\n\n\n<p>Cristiane Ishizava \/ Jud\u00f4 Nacional<\/p>\n\n\n\n<p><\/p>\n\n\n\n<figure class=\"wp-block-image\"><img loading=\"lazy\" width=\"1024\" height=\"817\" src=\"http:\/\/judonacional.com\/wp-content\/uploads\/2019\/03\/DSC_0047-1024x817.jpg\" alt=\"\" class=\"wp-image-3715\" srcset=\"http:\/\/judonacional.com\/wp-content\/uploads\/2019\/03\/DSC_0047-1024x817.jpg 1024w, http:\/\/judonacional.com\/wp-content\/uploads\/2019\/03\/DSC_0047-300x239.jpg 300w, http:\/\/judonacional.com\/wp-content\/uploads\/2019\/03\/DSC_0047-768x612.jpg 768w, http:\/\/judonacional.com\/wp-content\/uploads\/2019\/03\/DSC_0047-820x654.jpg 820w, http:\/\/judonacional.com\/wp-content\/uploads\/2019\/03\/DSC_0047.jpg 1200w\" sizes=\"(max-width: 1024px) 100vw, 1024px\" \/><\/figure>\n\n\n\n<p><\/p>\n\n\n\n<ul class=\"wp-block-gallery columns-1 is-cropped\"><li class=\"blocks-gallery-item\"><figure><img loading=\"lazy\" width=\"1024\" height=\"713\" src=\"http:\/\/judonacional.com\/wp-content\/uploads\/2019\/03\/DSC_0027-1024x713.jpg\" alt=\"\" data-id=\"3713\" data-link=\"http:\/\/judonacional.com\/?attachment_id=3713\" class=\"wp-image-3713\" srcset=\"http:\/\/judonacional.com\/wp-content\/uploads\/2019\/03\/DSC_0027-1024x713.jpg 1024w, http:\/\/judonacional.com\/wp-content\/uploads\/2019\/03\/DSC_0027-300x209.jpg 300w, http:\/\/judonacional.com\/wp-content\/uploads\/2019\/03\/DSC_0027-768x535.jpg 768w, http:\/\/judonacional.com\/wp-content\/uploads\/2019\/03\/DSC_0027-820x571.jpg 820w, http:\/\/judonacional.com\/wp-content\/uploads\/2019\/03\/DSC_0027.jpg 1200w\" sizes=\"(max-width: 1024px) 100vw, 1024px\" \/><\/figure><\/li><\/ul>\n\n\n\n<ul class=\"wp-block-gallery columns-1 is-cropped\"><li class=\"blocks-gallery-item\"><figure><img loading=\"lazy\" width=\"1024\" height=\"725\" src=\"http:\/\/judonacional.com\/wp-content\/uploads\/2019\/03\/DSC_0036-1024x725.jpg\" alt=\"\" data-id=\"3714\" data-link=\"http:\/\/judonacional.com\/?attachment_id=3714\" class=\"wp-image-3714\" srcset=\"http:\/\/judonacional.com\/wp-content\/uploads\/2019\/03\/DSC_0036-1024x725.jpg 1024w, http:\/\/judonacional.com\/wp-content\/uploads\/2019\/03\/DSC_0036-300x213.jpg 300w, http:\/\/judonacional.com\/wp-content\/uploads\/2019\/03\/DSC_0036-768x544.jpg 768w, http:\/\/judonacional.com\/wp-content\/uploads\/2019\/03\/DSC_0036-820x581.jpg 820w, http:\/\/judonacional.com\/wp-content\/uploads\/2019\/03\/DSC_0036.jpg 1200w\" sizes=\"(max-width: 1024px) 100vw, 1024px\" \/><\/figure><\/li><\/ul>\n\n\n\n<ul class=\"wp-block-gallery columns-1 is-cropped\"><li class=\"blocks-gallery-item\"><figure><img loading=\"lazy\" width=\"1024\" height=\"701\" src=\"http:\/\/judonacional.com\/wp-content\/uploads\/2019\/03\/DSC_0004-1-1024x701.jpg\" alt=\"\" data-id=\"3712\" data-link=\"http:\/\/judonacional.com\/?attachment_id=3712\" class=\"wp-image-3712\" srcset=\"http:\/\/judonacional.com\/wp-content\/uploads\/2019\/03\/DSC_0004-1-1024x701.jpg 1024w, http:\/\/judonacional.com\/wp-content\/uploads\/2019\/03\/DSC_0004-1-300x205.jpg 300w, http:\/\/judonacional.com\/wp-content\/uploads\/2019\/03\/DSC_0004-1-768x525.jpg 768w, http:\/\/judonacional.com\/wp-content\/uploads\/2019\/03\/DSC_0004-1-820x561.jpg 820w, http:\/\/judonacional.com\/wp-content\/uploads\/2019\/03\/DSC_0004-1.jpg 1200w\" sizes=\"(max-width: 1024px) 100vw, 1024px\" \/><\/figure><\/li><\/ul>\n","protected":false},"excerpt":{"rendered":"<p>A S\u00edndrome de Down \u00e9 um dist\u00farbio gen\u00e9tico que pode afetar qualquer ra\u00e7a, sexo ou etnia, e este dist\u00farbio ocorre durante a divis\u00e3o celular do embri\u00e3o.Em uma c\u00e9lula normal de um ser humano, existem 46 cromossomos divididos em 23 pares, j\u00e1 a pessoa que nasce com S\u00edndrome de Down possui 47 cromossomos.Infelizmente, hoje em dia [&hellip;]<\/p>\n","protected":false},"author":4,"featured_media":3702,"comment_status":"open","ping_status":"open","sticky":true,"template":"","format":"standard","meta":[],"categories":[8,7,4,5],"tags":[],"_links":{"self":[{"href":"http:\/\/judonacional.com\/index.php?rest_route=\/wp\/v2\/posts\/3701"}],"collection":[{"href":"http:\/\/judonacional.com\/index.php?rest_route=\/wp\/v2\/posts"}],"about":[{"href":"http:\/\/judonacional.com\/index.php?rest_route=\/wp\/v2\/types\/post"}],"author":[{"embeddable":true,"href":"http:\/\/judonacional.com\/index.php?rest_route=\/wp\/v2\/users\/4"}],"replies":[{"embeddable":true,"href":"http:\/\/judonacional.com\/index.php?rest_route=%2Fwp%2Fv2%2Fcomments&post=3701"}],"version-history":[{"count":2,"href":"http:\/\/judonacional.com\/index.php?rest_route=\/wp\/v2\/posts\/3701\/revisions"}],"predecessor-version":[{"id":3716,"href":"http:\/\/judonacional.com\/index.php?rest_route=\/wp\/v2\/posts\/3701\/revisions\/3716"}],"wp:featuredmedia":[{"embeddable":true,"href":"http:\/\/judonacional.com\/index.php?rest_route=\/wp\/v2\/media\/3702"}],"wp:attachment":[{"href":"http:\/\/judonacional.com\/index.php?rest_route=%2Fwp%2Fv2%2Fmedia&parent=3701"}],"wp:term":[{"taxonomy":"category","embeddable":true,"href":"http:\/\/judonacional.com\/index.php?rest_route=%2Fwp%2Fv2%2Fcategories&post=3701"},{"taxonomy":"post_tag","embeddable":true,"href":"http:\/\/judonacional.com\/index.php?rest_route=%2Fwp%2Fv2%2Ftags&post=3701"}],"curies":[{"name":"wp","href":"https:\/\/api.w.org\/{rel}","templated":true}]}}