{"id":3698,"date":"2019-03-14T21:59:44","date_gmt":"2019-03-15T00:59:44","guid":{"rendered":"http:\/\/judonacional.com\/?p=3698"},"modified":"2019-03-14T21:59:52","modified_gmt":"2019-03-15T00:59:52","slug":"f-p-judo-seletiva-paulista-para-o-combat-games-sera-realizado-por-convocacao-tecnica-durante-a-copa-sao-paulo","status":"publish","type":"post","link":"http:\/\/judonacional.com\/?p=3698","title":{"rendered":"F.P.Jud\u00f4: Seletiva Paulista para o Combat Games ser\u00e1 realizado por convoca\u00e7\u00e3o t\u00e9cnica durante a Copa S\u00e3o Paulo"},"content":{"rendered":"\n<p>A Federa\u00e7\u00e3o do Desporto Escolar do Estado de S\u00e3o Paulo (Fedeesp) em conjunto com a Federa\u00e7\u00e3o Paulista de Jud\u00f4 (F.P.Jud\u00f4), realizar\u00e3o uma avalia\u00e7\u00e3o para a convoca\u00e7\u00e3o t\u00e9cnica dos&nbsp;judocas paulistas para as disputas da Fase Nacional do Combat Games 2019 de Jud\u00f4. E essa avalia\u00e7\u00e3o ser\u00e1 realizada durante as disputas da Copa S\u00e3o Paulo 2019, nos dias 16 e 17 de mar\u00e7o, na cidade de S\u00e3o Bernardo do Campo.<\/p>\n\n\n\n<p>Os judocas dessa classe ser\u00e3o avaliados, nas 16 categorias de peso, sendo 08 no masculino e 08 no feminino, por uma comiss\u00e3o t\u00e9cnica que ser\u00e1 composta por Douglas Vieira, Joji Kimura, Marinho Esteves, Paulo Alvim, Andrea Oguma, Yoshio Kimura e Jos\u00e9 Olivio.<\/p>\n\n\n\n<p>No final da competi\u00e7\u00e3o a comiss\u00e3o se reunir\u00e1 e convocar\u00e1 08 atletas e 01 t\u00e9cnico, com o melhor \u00edndice t\u00e9cnico, que receber\u00e3o passagens a\u00e9reas, alimenta\u00e7\u00e3o e hospedagem para participar da Seletiva Nacional que ser\u00e1 realizada na cidade de Palmas, no Tocantins. Por\u00e9m haver\u00e1 oportunidade de outros 08 atletas e mais um t\u00e9cnico que atingirem o \u00edndice t\u00e9cnico e poder\u00e3o participar da seletiva, por\u00e9m arcando com os custos de passagens a\u00e9reas e&nbsp;a CBDE custear\u00e1 hospedagem e alimenta\u00e7\u00e3o.<\/p>\n\n\n\n<p>A Seletiva Nacional Escolar de Karat\u00ea, promovida pela Confedera\u00e7\u00e3o Brasileira do Desporto Escolar (CBDE), acontecer\u00e1 no per\u00edodo de 18 a 21 de abril em Palmas-Tocantins e definir\u00e1 a Sele\u00e7\u00e3o Brasileira que participar\u00e1 do ISF Combat Games 2019 (Jogos Mundiais Escolares de Lutas).<\/p>\n\n\n\n<p>O ISF Combat Games 2019, promovido pela International School Sport Federation (ISF), acontecer\u00e1 no per\u00edodo de 16 a 21 de junho de 2019, na cidade de Budapeste \u2013 Hungria.<\/p>\n\n\n\n<p>Conforme regulamento da International School Sport Federation (ISF) s\u00f3 poder\u00e3o participar na modalidade de Jud\u00f4 atletas das classes Sub 18, os dois \u00faltimos anos e o primeiro ano do Sub 21.<\/p>\n\n\n\n<p><\/p>\n\n\n\n<p>Por: F.P.Jud\u00f4<\/p>\n","protected":false},"excerpt":{"rendered":"<p>A Federa\u00e7\u00e3o do Desporto Escolar do Estado de S\u00e3o Paulo (Fedeesp) em conjunto com a Federa\u00e7\u00e3o Paulista de Jud\u00f4 (F.P.Jud\u00f4), realizar\u00e3o uma avalia\u00e7\u00e3o para a convoca\u00e7\u00e3o t\u00e9cnica dos&nbsp;judocas paulistas para as disputas da Fase Nacional do Combat Games 2019 de Jud\u00f4. E essa avalia\u00e7\u00e3o ser\u00e1 realizada durante as disputas da Copa S\u00e3o Paulo 2019, nos [&hellip;]<\/p>\n","protected":false},"author":4,"featured_media":3699,"comment_status":"open","ping_status":"open","sticky":false,"template":"","format":"standard","meta":[],"categories":[4,5],"tags":[],"_links":{"self":[{"href":"http:\/\/judonacional.com\/index.php?rest_route=\/wp\/v2\/posts\/3698"}],"collection":[{"href":"http:\/\/judonacional.com\/index.php?rest_route=\/wp\/v2\/posts"}],"about":[{"href":"http:\/\/judonacional.com\/index.php?rest_route=\/wp\/v2\/types\/post"}],"author":[{"embeddable":true,"href":"http:\/\/judonacional.com\/index.php?rest_route=\/wp\/v2\/users\/4"}],"replies":[{"embeddable":true,"href":"http:\/\/judonacional.com\/index.php?rest_route=%2Fwp%2Fv2%2Fcomments&post=3698"}],"version-history":[{"count":1,"href":"http:\/\/judonacional.com\/index.php?rest_route=\/wp\/v2\/posts\/3698\/revisions"}],"predecessor-version":[{"id":3700,"href":"http:\/\/judonacional.com\/index.php?rest_route=\/wp\/v2\/posts\/3698\/revisions\/3700"}],"wp:featuredmedia":[{"embeddable":true,"href":"http:\/\/judonacional.com\/index.php?rest_route=\/wp\/v2\/media\/3699"}],"wp:attachment":[{"href":"http:\/\/judonacional.com\/index.php?rest_route=%2Fwp%2Fv2%2Fmedia&parent=3698"}],"wp:term":[{"taxonomy":"category","embeddable":true,"href":"http:\/\/judonacional.com\/index.php?rest_route=%2Fwp%2Fv2%2Fcategories&post=3698"},{"taxonomy":"post_tag","embeddable":true,"href":"http:\/\/judonacional.com\/index.php?rest_route=%2Fwp%2Fv2%2Ftags&post=3698"}],"curies":[{"name":"wp","href":"https:\/\/api.w.org\/{rel}","templated":true}]}}