{"id":3680,"date":"2019-01-30T22:28:37","date_gmt":"2019-01-31T00:28:37","guid":{"rendered":"http:\/\/judonacional.com\/?p=3680"},"modified":"2019-01-30T22:28:46","modified_gmt":"2019-01-31T00:28:46","slug":"vem-ai-a-copa-sao-paulo-de-judo-2019-confira-o-regulamento","status":"publish","type":"post","link":"http:\/\/judonacional.com\/?p=3680","title":{"rendered":"Vem ai a COPA S\u00c3O PAULO DE JUD\u00d4 2019, confira o regulamento"},"content":{"rendered":"\n<p>A Federa\u00e7\u00e3o Paulista de Jud\u00f4 realizar\u00e1 nos dias 15-16 e 17 de mar\u00e7o, a COPA S\u00c3O PAULO DE JUD\u00d4 2019.<\/p>\n\n\n\n<p><a href=\"http:\/\/www.fpj.com.br\/novo2016\/wp-content\/uploads\/2019\/01\/2019-OUTLINE-COPA-SP-DIV-ESPECIAL.pdf\">Clique Aqui<\/a>&nbsp; e confira o Outline do Evento<\/p>\n\n\n\n<p><a href=\"http:\/\/www.fpj.com.br\/novo2016\/wp-content\/uploads\/2019\/01\/FICHAINSCRI%C3%87%C3%83OCOPASP2019.doc\">Clique Aqui<\/a>\u00a0baixe a ficha de inscri\u00e7\u00e3o \u2013 Lembrando que a Classe S\u00eanior as inscri\u00e7\u00f5es dever\u00e1 ser pelo Zempo.<\/p>\n\n\n\n<p><\/p>\n\n\n\n<p>Fonte: F.P.Jud\u00f4<br><br><\/p>\n","protected":false},"excerpt":{"rendered":"<p>A Federa\u00e7\u00e3o Paulista de Jud\u00f4 realizar\u00e1 nos dias 15-16 e 17 de mar\u00e7o, a COPA S\u00c3O PAULO DE JUD\u00d4 2019. Clique Aqui&nbsp; e confira o Outline do Evento Clique Aqui\u00a0baixe a ficha de inscri\u00e7\u00e3o \u2013 Lembrando que a Classe S\u00eanior as inscri\u00e7\u00f5es dever\u00e1 ser pelo Zempo. Fonte: F.P.Jud\u00f4<\/p>\n","protected":false},"author":4,"featured_media":3681,"comment_status":"open","ping_status":"open","sticky":false,"template":"","format":"standard","meta":[],"categories":[4,5],"tags":[],"_links":{"self":[{"href":"http:\/\/judonacional.com\/index.php?rest_route=\/wp\/v2\/posts\/3680"}],"collection":[{"href":"http:\/\/judonacional.com\/index.php?rest_route=\/wp\/v2\/posts"}],"about":[{"href":"http:\/\/judonacional.com\/index.php?rest_route=\/wp\/v2\/types\/post"}],"author":[{"embeddable":true,"href":"http:\/\/judonacional.com\/index.php?rest_route=\/wp\/v2\/users\/4"}],"replies":[{"embeddable":true,"href":"http:\/\/judonacional.com\/index.php?rest_route=%2Fwp%2Fv2%2Fcomments&post=3680"}],"version-history":[{"count":1,"href":"http:\/\/judonacional.com\/index.php?rest_route=\/wp\/v2\/posts\/3680\/revisions"}],"predecessor-version":[{"id":3682,"href":"http:\/\/judonacional.com\/index.php?rest_route=\/wp\/v2\/posts\/3680\/revisions\/3682"}],"wp:featuredmedia":[{"embeddable":true,"href":"http:\/\/judonacional.com\/index.php?rest_route=\/wp\/v2\/media\/3681"}],"wp:attachment":[{"href":"http:\/\/judonacional.com\/index.php?rest_route=%2Fwp%2Fv2%2Fmedia&parent=3680"}],"wp:term":[{"taxonomy":"category","embeddable":true,"href":"http:\/\/judonacional.com\/index.php?rest_route=%2Fwp%2Fv2%2Fcategories&post=3680"},{"taxonomy":"post_tag","embeddable":true,"href":"http:\/\/judonacional.com\/index.php?rest_route=%2Fwp%2Fv2%2Ftags&post=3680"}],"curies":[{"name":"wp","href":"https:\/\/api.w.org\/{rel}","templated":true}]}}