{"id":3641,"date":"2019-01-21T18:45:54","date_gmt":"2019-01-21T20:45:54","guid":{"rendered":"http:\/\/judonacional.com\/?p=3641"},"modified":"2019-01-21T18:46:05","modified_gmt":"2019-01-21T20:46:05","slug":"judo-paulista-inicia-a-temporada-com-troca-de-dirigentes-e-inovacoes-na-area-tecnica","status":"publish","type":"post","link":"http:\/\/judonacional.com\/?p=3641","title":{"rendered":"Jud\u00f4 paulista inicia a temporada com troca de dirigentes e inova\u00e7\u00f5es na \u00e1rea t\u00e9cnica"},"content":{"rendered":"\n<p><strong>Reuni\u00e3o dos delegados imp\u00f5e nova din\u00e2mica no calend\u00e1rio esportivo, anuncia novas parcerias e evidencia a constante busca pela excel\u00eancia esportiva<\/strong><\/p>\n\n\n\n<p>Gest\u00e3o Esportiva<br>20\/01\/2019<br>Por&nbsp;<strong>PAULO PINTO<\/strong>&nbsp;I Fotos&nbsp;<strong>BUD\u00d4PRESS\/FPJUD\u00d4<\/strong><br>S\u00e3o Paulo \u2013 SP<\/p>\n\n\n\n<p>Como ocorre anualmente, neste s\u00e1bado (19) o jud\u00f4 paulista deu o hajime na temporada 2019 com o tradicional evento que re\u00fane delegados, coordenadores t\u00e9cnicos e tesoureiros das 16 delegacias regionais, al\u00e9m dos coordenadores de \u00e1reas, colaboradores e dirigentes da Federa\u00e7\u00e3o Paulista de Jud\u00f4 (FPJud\u00f4).<\/p>\n\n\n\n<figure class=\"wp-block-image\"><a href=\"http:\/\/revistabudo.com.br\/wp-content\/uploads\/2019\/01\/Jud%C3%B4-paulista-inicia-a-temporada-com-troca-de-dirigentes-2.jpg\"><img src=\"http:\/\/revistabudo.com.br\/wp-content\/uploads\/2019\/01\/Jud%C3%B4-paulista-inicia-a-temporada-com-troca-de-dirigentes-2.jpg\" alt=\"\" class=\"wp-image-9655\"\/><\/a><\/figure>\n\n\n\n<p>Roberto Joji Kimura, coordenador t\u00e9cnico da FPJud\u00f4<\/p>\n\n\n\n<p>Al\u00e9m das quest\u00f5es que envolvem os calend\u00e1rios do jud\u00f4 estadual e nacional, no encontro foram discutidos temas das \u00e1reas fiscal, arbitragem, jur\u00eddica e t\u00e9cnica da modalidade.<\/p>\n\n\n\n<p>Os protagonistas do encontro foram Roberto Joji Kimura, coordenador t\u00e9cnico; J\u00falio Sakae Yokoyama, presidente do TJD; Alessandro Panitiz Puglia, presidente da FPJud\u00f4; Jos\u00e9 Ant\u00f4nio Jant\u00e1lia, vice-presidente da FPJud\u00f4; e Francisco de Carvalho Filho, presidente de honra da FPJud\u00f4.<\/p>\n\n\n\n<figure class=\"wp-block-image\"><a href=\"http:\/\/revistabudo.com.br\/wp-content\/uploads\/2019\/01\/Jud%C3%B4-paulista-inicia-a-temporada-com-troca-de-dirigentes-3.jpg\"><img src=\"http:\/\/revistabudo.com.br\/wp-content\/uploads\/2019\/01\/Jud%C3%B4-paulista-inicia-a-temporada-com-troca-de-dirigentes-3.jpg\" alt=\"\" class=\"wp-image-9656\"\/><\/a><\/figure>\n\n\n\n<p>Francisco de Carvalho Filho, presidente de honra da FPJud\u00f4<\/p>\n\n\n\n<p><strong>Dois novos delegados regionais<\/strong><\/p>\n\n\n\n<p>Nesta temporada, duas delegacias regionais est\u00e3o sob novo comando. Na 9\u00aa DRJ ABC, o professor kodansha Jos\u00e9 Gildemar de Carvalho, o Gil, substituiu o tamb\u00e9m professor kodansha J\u00falio C\u00e9sar Jacopi, que assume a supervis\u00e3o de eventos da FPJud\u00f4.<\/p>\n\n\n\n<figure class=\"wp-block-image\"><a href=\"http:\/\/revistabudo.com.br\/wp-content\/uploads\/2019\/01\/Jud%C3%B4-paulista-inicia-a-temporada-com-troca-de-dirigentes-4.jpg\"><img src=\"http:\/\/revistabudo.com.br\/wp-content\/uploads\/2019\/01\/Jud%C3%B4-paulista-inicia-a-temporada-com-troca-de-dirigentes-4.jpg\" alt=\"\" class=\"wp-image-9657\"\/><\/a><\/figure>\n\n\n\n<p>Alessandro Panitiz Puglia, presidente da FPJud\u00f4<\/p>\n\n\n\n<p>Em seu pronunciamento, Jacopi agradeceu o apoio recebido dos dirigentes e demais delegados regionais no per\u00edodo em que esteve \u00e0 frente da 9\u00aa DRJ ACB.<\/p>\n\n\n\n<p>\u201cDesejo enorme sucesso ao professor Gil e me despe\u00e7o da gest\u00e3o da 9\u00aa delegacia regional agradecendo a confian\u00e7a em mim depositada pelos dirigentes da federa\u00e7\u00e3o paulista. Fa\u00e7o tamb\u00e9m um agradecimento especial aos demais delegados regionais que sempre apoiaram e prestigiaram as nossas iniciativas\u201d, disse o novo supervisor de eventos da FPJud\u00f4.<\/p>\n\n\n\n<figure class=\"wp-block-image\"><a href=\"http:\/\/revistabudo.com.br\/wp-content\/uploads\/2019\/01\/Jud%C3%B4-paulista-inicia-a-temporada-com-troca-de-dirigentes-5.jpg\"><img src=\"http:\/\/revistabudo.com.br\/wp-content\/uploads\/2019\/01\/Jud%C3%B4-paulista-inicia-a-temporada-com-troca-de-dirigentes-5.jpg\" alt=\"\" class=\"wp-image-9658\"\/><\/a><\/figure>\n\n\n\n<p>A reuni\u00e3o dos delegados aconteceu no audit\u00f3rio Morumbi, do Pampas Palace Hotel de S\u00e3o Bernardo do Campo<\/p>\n\n\n\n<p>Na 10\u00aa DRJ Central, o professor Leandro Tom\u00e9 de Correa substituiu o professor kodansha Roberto Joji Kimura, que a partir de agora poder\u00e1 dedicar mais tempo \u00e0 coordena\u00e7\u00e3o t\u00e9cnica do jud\u00f4 paulista.<\/p>\n\n\n\n<p><strong>Troca no comando da arbitragem bandeirante<\/strong><\/p>\n\n\n\n<p>Professor kodansha e \u00e1rbitro FIJ A, Takeshi Yokoti \u00e9 o novo coordenador de arbitragem da Federa\u00e7\u00e3o Paulista de Jud\u00f4. Delegado da 16\u00aa DRJ Sul Itapeva, Yokoti substitui o experiente \u00e1rbitro FIJ A Edison Minakawa, atual gestor nacional de arbitragem da CBJ e diretor de arbitragem da Federa\u00e7\u00e3o Sul-Americana de Jud\u00f4.<\/p>\n\n\n\n<figure class=\"wp-block-image\"><a href=\"http:\/\/revistabudo.com.br\/wp-content\/uploads\/2019\/01\/Jud%C3%B4-paulista-inicia-a-temporada-com-troca-de-dirigentes-6.jpg\"><img src=\"http:\/\/revistabudo.com.br\/wp-content\/uploads\/2019\/01\/Jud%C3%B4-paulista-inicia-a-temporada-com-troca-de-dirigentes-6.jpg\" alt=\"\" class=\"wp-image-9659\"\/><\/a><\/figure>\n\n\n\n<p>Jos\u00e9 Ant\u00f4nio Jant\u00e1lia, vice-presidente da FPJud\u00f4<\/p>\n\n\n\n<p>No encontro, Edison Minakawa agradeceu o apoio recebido dos dirigentes e \u00e1rbitros paulistas e desejou boa sorte ao seu sucessor.<\/p>\n\n\n\n<p>\u201c\u00c9 com grande alegria e total confian\u00e7a que transfiro o bast\u00e3o da arbitragem paulista para meu colega Takeshi Yokoti, um dos mais importantes e experientes \u00e1rbitros do Brasil na atualidade. Eu vinha acumulando a gest\u00e3o de tr\u00eas importantes setores da arbitragem continental, nacional e estadual, e isso me sobrecarregava. Achamos que era hora de transferir a gest\u00e3o paulista para meu colega Takeshi, a quem desejo enorme sucesso\u201d, explicou Minakawa.<\/p>\n\n\n\n<div class=\"wp-block-image\"><figure class=\"aligncenter\"><a href=\"http:\/\/revistabudo.com.br\/wp-content\/uploads\/2019\/01\/3Banner_Shihan_Pedro.jpg\"><img src=\"http:\/\/revistabudo.com.br\/wp-content\/uploads\/2019\/01\/3Banner_Shihan_Pedro.jpg\" alt=\"\" class=\"wp-image-9678\"\/><\/a><\/figure><\/div>\n\n\n\n<p><strong>V\u00e1rias mudan\u00e7as na \u00e1rea t\u00e9cnica<\/strong><\/p>\n\n\n\n<p>A \u00e1rea t\u00e9cnica apresentou mudan\u00e7as significativas que visam a proporcionar maior desenvolvimento t\u00e9cnico ao jud\u00f4 paulista desde a base ao alto rendimento.<\/p>\n\n\n\n<p>Entre as mudan\u00e7as, destacamos: a cria\u00e7\u00e3o da classe sub 12 feminina no Campeonato Benem\u00e9ritos, a introdu\u00e7\u00e3o de mais um peso no Campeonato Paulista por Faixas, a pontua\u00e7\u00e3o no ranking nacional classe s\u00eanior na Copa S\u00e3o Paulo, a cria\u00e7\u00e3o do ranqueamento da classe sub 15 da divis\u00e3o especial e realiza\u00e7\u00e3o da Copa Ajinomoto Open, que ser\u00e1 uma entrada para o Campeonato Paulista e vai pontuar no ranking estadual.<\/p>\n\n\n\n<figure class=\"wp-block-image\"><a href=\"http:\/\/revistabudo.com.br\/wp-content\/uploads\/2019\/01\/Jud%C3%B4-paulista-inicia-a-temporada-com-troca-de-dirigentes-8.jpg\"><img src=\"http:\/\/revistabudo.com.br\/wp-content\/uploads\/2019\/01\/Jud%C3%B4-paulista-inicia-a-temporada-com-troca-de-dirigentes-8.jpg\" alt=\"\" class=\"wp-image-9661\"\/><\/a><\/figure>\n\n\n\n<p>Edison Minakawa, Valdir Melero, Luis Alberto dos Santos, Adib Bittar J\u00fanior, Alessandro Puglia, Jos\u00e9 Jant\u00e1lia, Francisco de Carvalho, Michiharu Sogabe, Dante Kanayama e In\u00e1cio Hirayama compuseram a mesa de honra<\/p>\n\n\n\n<p>Nas classes s\u00eanior e adulto, foram extintas as categorias superligeiro 55kg masculino e 44kg feminino. O tempo de luta e golden score aspirante sub 15, sub 18 e adulto ser\u00e1 de um minuto. Do M1 a M6 ser\u00e3o tr\u00eas minutos de luta e golden score infinito. No M7, o tempo de luta ficar\u00e1 em 02:30 minutos e golden score, em um minuto.<\/p>\n\n\n\n<figure class=\"wp-block-image\"><a href=\"http:\/\/revistabudo.com.br\/wp-content\/uploads\/2019\/01\/Jud%C3%B4-paulista-inicia-a-temporada-com-troca-de-dirigentes-9.jpg\"><img src=\"http:\/\/revistabudo.com.br\/wp-content\/uploads\/2019\/01\/Jud%C3%B4-paulista-inicia-a-temporada-com-troca-de-dirigentes-9.jpg\" alt=\"\" class=\"wp-image-9662\"\/><\/a><\/figure>\n\n\n\n<p>J\u00falio Sakae Yokoyama, presidente do TJD da FPJud\u00f4<\/p>\n\n\n\n<p>Na classe sub 9 da divis\u00e3o aspirante dos campeonatos paulistas regional, inter-regional e final, agora haver\u00e1 repescagem para todos os atletas. E na Copa S\u00e3o Paulo Open, todos os atletas desta classe ser\u00e3o premiados. Joji Kimura detalhou por que a coordena\u00e7\u00e3o t\u00e9cnica paulista fez essa mudan\u00e7a no sub 9.<\/p>\n\n\n\n<p>\u201cEntendemos que esta classe n\u00e3o deve ser competitiva, mas queremos oferecer o maior est\u00edmulo poss\u00edvel para que as crian\u00e7as se interessem verdadeiramente pelo jud\u00f4. As escolas de idiomas pregam que \u00e9 justamente nesta fase que as crian\u00e7as desenvolvem maior capacidade de assimila\u00e7\u00e3o, e com estas mudan\u00e7as buscamos inserir nos pequenos judocas os valores socioeducativos que o jud\u00f4 possui\u201d, disse o coordenador t\u00e9cnico da FPJud\u00f4.<\/p>\n\n\n\n<figure class=\"wp-block-image\"><a href=\"http:\/\/revistabudo.com.br\/wp-content\/uploads\/2019\/01\/Jud%C3%B4-paulista-inicia-a-temporada-com-troca-de-dirigentes-10.jpg\"><img src=\"http:\/\/revistabudo.com.br\/wp-content\/uploads\/2019\/01\/Jud%C3%B4-paulista-inicia-a-temporada-com-troca-de-dirigentes-10.jpg\" alt=\"\" class=\"wp-image-9663\"\/><\/a><\/figure>\n\n\n\n<p>No encontro, Francisco de Carvalho reafirmou que os delegados regionais formam um grupo forte que d\u00e1 sustenta\u00e7\u00e3o t\u00e9cnica, organizacional e pol\u00edtica para o presidente da entidade<\/p>\n\n\n\n<p>Joji Kimura explicou que uma das principais mudan\u00e7as desta temporada foi a extin\u00e7\u00e3o dos campeonatos regionais de todas as delegacias regionais da divis\u00e3o especial e a cria\u00e7\u00e3o do Campeonato Open. \u201cEsta iniciativa visa a melhorar a peneira de forma geral. Acreditamos que a m\u00e9dio e longo prazos essa mudan\u00e7a vai oferecer maior interc\u00e2mbio t\u00e9cnico, aprimoramento e equil\u00edbrio dos atletas. Estamos investindo na diversidade t\u00e9cnica dos nossos judocas\u201d, explicou Kimura.<\/p>\n\n\n\n<figure class=\"wp-block-image\"><a href=\"http:\/\/revistabudo.com.br\/wp-content\/uploads\/2019\/01\/Jud%C3%B4-paulista-inicia-a-temporada-com-troca-de-dirigentes-11.jpg\"><img src=\"http:\/\/revistabudo.com.br\/wp-content\/uploads\/2019\/01\/Jud%C3%B4-paulista-inicia-a-temporada-com-troca-de-dirigentes-11.jpg\" alt=\"\" class=\"wp-image-9664\"\/><\/a><\/figure>\n\n\n\n<p>In\u00e1cio Hirayama, tesoureiro da FPJud\u00f4<\/p>\n\n\n\n<p><strong>Avalia\u00e7\u00e3o do encontro<\/strong><\/p>\n\n\n\n<p>Alessandro Panitiz Puglia avaliou o encontro positivamente e espera que as mudan\u00e7as implementadas pela \u00e1rea t\u00e9cnica proporcionem os efeitos desejados.<\/p>\n\n\n\n<p>\u201cApostamos nas medidas adotadas pela coordena\u00e7\u00e3o t\u00e9cnica e desejamos que todas imprimam maior din\u00e2mica em cada uma das classes que sofreram mudan\u00e7as. Objetivamos o melhor equil\u00edbrio poss\u00edvel das sele\u00e7\u00f5es que representam o Estado de S\u00e3o Paulo e maior proje\u00e7\u00e3o dos nossos atletas nos cen\u00e1rios nacional e continental\u201d, disse o presidente da FPJud\u00f4.<\/p>\n\n\n\n<figure class=\"wp-block-image\"><a href=\"http:\/\/revistabudo.com.br\/wp-content\/uploads\/2019\/01\/Jud%C3%B4-paulista-inicia-a-temporada-com-troca-de-dirigentes-12.jpg\"><img src=\"http:\/\/revistabudo.com.br\/wp-content\/uploads\/2019\/01\/Jud%C3%B4-paulista-inicia-a-temporada-com-troca-de-dirigentes-12.jpg\" alt=\"\" class=\"wp-image-9665\"\/><\/a><\/figure>\n\n\n\n<p>Alessandro Puglia enalteceu a atua\u00e7\u00e3o de Edison Minakawa, na coordena\u00e7\u00e3o de arbitragem do jud\u00f4 paulista<\/p>\n\n\n\n<p>Francisco de Carvalho Filho destacou o esp\u00edrito de uni\u00e3o e coes\u00e3o que norteia a gest\u00e3o do jud\u00f4 em todo o Estado de S\u00e3o Paulo.<\/p>\n\n\n\n<p>\u201cTenho certeza de que as inova\u00e7\u00f5es implementadas pela coordena\u00e7\u00e3o t\u00e9cnica projetar\u00e3o ainda mais o jud\u00f4 paulista no cen\u00e1rio nacional. Dou as boas-vindas ao Gil e ao Leandro Tom\u00e9, os novos delegados regionais, e tamb\u00e9m ao professor Takeshi, nosso novo coordenador de arbitragem. Esta foi uma das melhores reuni\u00f5es dos delegados realizadas at\u00e9 hoje. Al\u00e9m das mudan\u00e7as promovidas nos v\u00e1rios setores da entidade, o jud\u00f4 paulista deu exemplo de democracia, uni\u00e3o e coes\u00e3o. As medidas foram aprovadas por meio do voto e o jud\u00f4 paulista sai de S\u00e3o Bernardo do Campo fortalecido. Unidos, mantemos a proposta de preservar os valores judo\u00edstas e o ideal de buscar a excel\u00eancia na gest\u00e3o esportiva\u201d, disse o professor Chico.<\/p>\n\n\n\n<figure class=\"wp-block-image\"><a href=\"http:\/\/revistabudo.com.br\/wp-content\/uploads\/2019\/01\/Jud%C3%B4-paulista-inicia-a-temporada-com-troca-de-dirigentes-7.jpg\"><img src=\"http:\/\/revistabudo.com.br\/wp-content\/uploads\/2019\/01\/Jud%C3%B4-paulista-inicia-a-temporada-com-troca-de-dirigentes-7.jpg\" alt=\"\" class=\"wp-image-9660\"\/><\/a><\/figure>\n\n\n\n<p>Adib Bittar J\u00fanior, coordenador financeiro da FPJud\u00f4<\/p>\n\n\n\n<figure class=\"wp-block-image\"><a href=\"http:\/\/revistabudo.com.br\/wp-content\/uploads\/2019\/01\/Jud%C3%B4-paulista-inicia-a-temporada-com-troca-de-dirigentes-13.jpg\"><img src=\"http:\/\/revistabudo.com.br\/wp-content\/uploads\/2019\/01\/Jud%C3%B4-paulista-inicia-a-temporada-com-troca-de-dirigentes-13.jpg\" alt=\"\" class=\"wp-image-9666\"\/><\/a><\/figure>\n\n\n\n<p>J\u00falio C\u00e9sar Jacopi deixou o comando da 9\u00aa DRJ, e assumiu a supervis\u00e3o de eventos da FPJud\u00f4<\/p>\n\n\n\n<figure class=\"wp-block-image\"><a href=\"http:\/\/revistabudo.com.br\/wp-content\/uploads\/2019\/01\/Jud%C3%B4-paulista-inicia-a-temporada-com-troca-de-dirigentes-14.jpg\"><img src=\"http:\/\/revistabudo.com.br\/wp-content\/uploads\/2019\/01\/Jud%C3%B4-paulista-inicia-a-temporada-com-troca-de-dirigentes-14.jpg\" alt=\"\" class=\"wp-image-9667\"\/><\/a><\/figure>\n\n\n\n<p>Vista frontal da mesa de honra<\/p>\n\n\n\n<figure class=\"wp-block-image\"><a href=\"http:\/\/revistabudo.com.br\/wp-content\/uploads\/2019\/01\/Jud%C3%B4-paulista-inicia-a-temporada-com-troca-de-dirigentes-15.jpg\"><img src=\"http:\/\/revistabudo.com.br\/wp-content\/uploads\/2019\/01\/Jud%C3%B4-paulista-inicia-a-temporada-com-troca-de-dirigentes-15.jpg\" alt=\"\" class=\"wp-image-9668\"\/><\/a><\/figure>\n\n\n\n<p>Edison Minakawa agradeceu o apoio recebido e endossou a indica\u00e7\u00e3o de Takeshi Yokoti<\/p>\n\n\n\n<figure class=\"wp-block-image\"><a href=\"http:\/\/revistabudo.com.br\/wp-content\/uploads\/2019\/01\/Jud%C3%B4-paulista-inicia-a-temporada-com-troca-de-dirigentes-16.jpg\"><img src=\"http:\/\/revistabudo.com.br\/wp-content\/uploads\/2019\/01\/Jud%C3%B4-paulista-inicia-a-temporada-com-troca-de-dirigentes-16.jpg\" alt=\"\" class=\"wp-image-9669\"\/><\/a><\/figure>\n\n\n\n<p>Delegados regionais e colaboradores que participaram do encontro<\/p>\n\n\n\n<figure class=\"wp-block-image\"><a href=\"http:\/\/revistabudo.com.br\/wp-content\/uploads\/2019\/01\/Jud%C3%B4-paulista-inicia-a-temporada-com-troca-de-dirigentes-17.jpg\"><img src=\"http:\/\/revistabudo.com.br\/wp-content\/uploads\/2019\/01\/Jud%C3%B4-paulista-inicia-a-temporada-com-troca-de-dirigentes-17.jpg\" alt=\"\" class=\"wp-image-9670\"\/><\/a><\/figure>\n\n\n\n<p>Alessandro Puglia, Takeshi Yokoti, Edison Minakawa e Francisco de Carvalho<\/p>\n\n\n\n<figure class=\"wp-block-image\"><a href=\"http:\/\/revistabudo.com.br\/wp-content\/uploads\/2019\/01\/Jud%C3%B4-paulista-inicia-a-temporada-com-troca-de-dirigentes-18.jpg\"><img src=\"http:\/\/revistabudo.com.br\/wp-content\/uploads\/2019\/01\/Jud%C3%B4-paulista-inicia-a-temporada-com-troca-de-dirigentes-18.jpg\" alt=\"\" class=\"wp-image-9671\"\/><\/a><\/figure>\n\n\n\n<p>Alessandro Puglia faz entrega de brinde a Dante Kanayama, coordenador dos exames de gradua\u00e7\u00e3o da FPJud\u00f4<\/p>\n\n\n\n<figure class=\"wp-block-image\"><a href=\"http:\/\/revistabudo.com.br\/wp-content\/uploads\/2019\/01\/Jud%C3%B4-paulista-inicia-a-temporada-com-troca-de-dirigentes-19.jpg\"><img src=\"http:\/\/revistabudo.com.br\/wp-content\/uploads\/2019\/01\/Jud%C3%B4-paulista-inicia-a-temporada-com-troca-de-dirigentes-19.jpg\" alt=\"\" class=\"wp-image-9672\"\/><\/a><\/figure>\n\n\n\n<p>Alessandro Puglia entrega brinde a Gerado Siciliano<\/p>\n\n\n\n<figure class=\"wp-block-image\"><a href=\"http:\/\/revistabudo.com.br\/wp-content\/uploads\/2019\/01\/Jud%C3%B4-paulista-inicia-a-temporada-com-troca-de-dirigentes-20.jpg\"><img src=\"http:\/\/revistabudo.com.br\/wp-content\/uploads\/2019\/01\/Jud%C3%B4-paulista-inicia-a-temporada-com-troca-de-dirigentes-20.jpg\" alt=\"\" class=\"wp-image-9673\"\/><\/a><\/figure>\n\n\n\n<p>Francisco de Carvalho cumprimenta Gil de Carvalho, o novo delegado regional da FPJud\u00f4<\/p>\n\n\n\n<figure class=\"wp-block-image\"><a href=\"http:\/\/revistabudo.com.br\/wp-content\/uploads\/2019\/01\/Jud%C3%B4-paulista-inicia-a-temporada-com-troca-de-dirigentes-21.jpg\"><img src=\"http:\/\/revistabudo.com.br\/wp-content\/uploads\/2019\/01\/Jud%C3%B4-paulista-inicia-a-temporada-com-troca-de-dirigentes-21.jpg\" alt=\"\" class=\"wp-image-9674\"\/><\/a><\/figure>\n\n\n\n<p>Alessandro Puglia entrega brinde a Luiz Alberto dos Santos, coordenador de cursos da FPJud\u00f4<\/p>\n\n\n\n<figure class=\"wp-block-image\"><a href=\"http:\/\/revistabudo.com.br\/wp-content\/uploads\/2019\/01\/Jud%C3%B4-paulista-inicia-a-temporada-com-troca-de-dirigentes-22.jpg\"><img src=\"http:\/\/revistabudo.com.br\/wp-content\/uploads\/2019\/01\/Jud%C3%B4-paulista-inicia-a-temporada-com-troca-de-dirigentes-22.jpg\" alt=\"\" class=\"wp-image-9675\"\/><\/a><\/figure>\n\n\n\n<p>Delegados, dirigentes e colaboradores que participaram na reuni\u00e3o dos delegados de 2019<strong>Share&nbsp;<\/strong>203&nbsp;<em>Tweet 0<\/em>&nbsp;&nbsp;0&nbsp;<\/p>\n\n\n\n<figure><iframe loading=\"lazy\" width=\"1000px\" height=\"1000px\" allowfullscreen=\"true\" src=\"https:\/\/www.facebook.com\/v2.11\/plugins\/like.php?action=like&amp;app_id=1158761637505872&amp;channel=https%3A%2F%2Fstaticxx.facebook.com%2Fconnect%2Fxd_arbiter%2Fr%2Fj-GHT1gpo6-.js%3Fversion%3D43%23cb%3Df2ebf021552959%26domain%3Drevistabudo.com.br%26origin%3Dhttp%253A%252F%252Frevistabudo.com.br%252Ff141914a0a9bcb%26relation%3Dparent.parent&amp;container_width=818&amp;href=http%3A%2F%2Frevistabudo.com.br%2Fjudo-paulista-inicia-a-temporada-com-troca-de-dirigentes-e-inovacoes-na-area-tecnica%2F&amp;layout=button_count&amp;locale=en_US&amp;sdk=joey&amp;share=false&amp;show_faces=false&amp;size=small\" class=\"\"><\/iframe><\/figure>\n\n\n\n<p>&nbsp;Whatsapp\n\n<\/p>\n","protected":false},"excerpt":{"rendered":"<p>Reuni\u00e3o dos delegados imp\u00f5e nova din\u00e2mica no calend\u00e1rio esportivo, anuncia novas parcerias e evidencia a constante busca pela excel\u00eancia esportiva Gest\u00e3o Esportiva20\/01\/2019Por&nbsp;PAULO PINTO&nbsp;I Fotos&nbsp;BUD\u00d4PRESS\/FPJUD\u00d4S\u00e3o Paulo \u2013 SP Como ocorre anualmente, neste s\u00e1bado (19) o jud\u00f4 paulista deu o hajime na temporada 2019 com o tradicional evento que re\u00fane delegados, coordenadores t\u00e9cnicos e tesoureiros das 16 [&hellip;]<\/p>\n","protected":false},"author":4,"featured_media":3642,"comment_status":"open","ping_status":"open","sticky":false,"template":"","format":"standard","meta":[],"categories":[4,5],"tags":[],"_links":{"self":[{"href":"http:\/\/judonacional.com\/index.php?rest_route=\/wp\/v2\/posts\/3641"}],"collection":[{"href":"http:\/\/judonacional.com\/index.php?rest_route=\/wp\/v2\/posts"}],"about":[{"href":"http:\/\/judonacional.com\/index.php?rest_route=\/wp\/v2\/types\/post"}],"author":[{"embeddable":true,"href":"http:\/\/judonacional.com\/index.php?rest_route=\/wp\/v2\/users\/4"}],"replies":[{"embeddable":true,"href":"http:\/\/judonacional.com\/index.php?rest_route=%2Fwp%2Fv2%2Fcomments&post=3641"}],"version-history":[{"count":1,"href":"http:\/\/judonacional.com\/index.php?rest_route=\/wp\/v2\/posts\/3641\/revisions"}],"predecessor-version":[{"id":3643,"href":"http:\/\/judonacional.com\/index.php?rest_route=\/wp\/v2\/posts\/3641\/revisions\/3643"}],"wp:featuredmedia":[{"embeddable":true,"href":"http:\/\/judonacional.com\/index.php?rest_route=\/wp\/v2\/media\/3642"}],"wp:attachment":[{"href":"http:\/\/judonacional.com\/index.php?rest_route=%2Fwp%2Fv2%2Fmedia&parent=3641"}],"wp:term":[{"taxonomy":"category","embeddable":true,"href":"http:\/\/judonacional.com\/index.php?rest_route=%2Fwp%2Fv2%2Fcategories&post=3641"},{"taxonomy":"post_tag","embeddable":true,"href":"http:\/\/judonacional.com\/index.php?rest_route=%2Fwp%2Fv2%2Ftags&post=3641"}],"curies":[{"name":"wp","href":"https:\/\/api.w.org\/{rel}","templated":true}]}}