{"id":3495,"date":"2018-09-19T09:36:17","date_gmt":"2018-09-19T12:36:17","guid":{"rendered":"http:\/\/judonacional.com\/?p=3495"},"modified":"2018-09-19T14:07:25","modified_gmt":"2018-09-19T17:07:25","slug":"3a-copa-titans-do-judo-sera-realizada-domingo-em-mogi","status":"publish","type":"post","link":"http:\/\/judonacional.com\/?p=3495","title":{"rendered":"3\u00aa Copa Titans do Jud\u00f4 ser\u00e1 realizada domingo em Mogi"},"content":{"rendered":"<p>&nbsp;<\/p>\n<p><img loading=\"lazy\" class=\"size-medium wp-image-3497 alignleft\" src=\"http:\/\/judonacional.com\/wp-content\/uploads\/2018\/09\/TitansMedalhas-230x300.jpeg\" alt=\"\" width=\"230\" height=\"300\" srcset=\"http:\/\/judonacional.com\/wp-content\/uploads\/2018\/09\/TitansMedalhas-230x300.jpeg 230w, http:\/\/judonacional.com\/wp-content\/uploads\/2018\/09\/TitansMedalhas.jpeg 720w\" sizes=\"(max-width: 230px) 100vw, 230px\" \/>A Academia Titans do Jud\u00f4, de Mogi das Cruzes, realiza neste domingo (23\/9) sua tradicional competi\u00e7\u00e3o: a terceira edi\u00e7\u00e3o da Copa Titans\/Kimonos Banzai, que deve reunir aproximadamente 800 atletas de v\u00e1rias academias de todo o Estado de S\u00e3o Paulo. Tamb\u00e9m est\u00e3o confirmadas as presen\u00e7as de atletas estrangeiros: o angolano Euclides Ricardo, do Clube Desportivo da Banca, e outros cinco argentinos.<\/p>\n<p>A competi\u00e7\u00e3o, que tem a chancela da 10\u00aa Delegacia Central da Federa\u00e7\u00e3o Paulista de Jud\u00f4 (FPJ), ser\u00e1 realizada a partir das 8h30 no Gin\u00e1sio Municipal de Esportes Professor Hugo Ramos, localizado na Avenida Ismael Alves dos Santos, 560, no Mogilar. O campeonato tamb\u00e9m ter\u00e1 um prop\u00f3sito beneficente, j\u00e1 que cada atleta participante dever\u00e1 doar um litro de leite que ser\u00e1 entregue ao Instituto Pr\u00f3+Vida S\u00e3o Sebasti\u00e3o.<\/p>\n<p>Sobre a coordena\u00e7\u00e3o do sensei Luciano Querino, a 3\u00aa Copa Titans do Jud\u00f4\/Kimonos Banzai contar\u00e1 com disputa em todas as categorias \u2013 desde o sub-9 at\u00e9 o veteranos (acima de 35 anos de idade). Ele se orgulha de poder contar, nesta edi\u00e7\u00e3o, de atletas que fazem parte do time da academia que tem sede no Clube N\u00e1utico Mogiano, assim como dos projetos sociais que desenvolve no Instituto Sementinha do Centro de Artes e Esportes (CEU) da Vila Nova Uni\u00e3o, na Associa\u00e7\u00e3o Mogicruzense para Defesa da Crian\u00e7a e do Adolescente (Amdem), no Col\u00e9gio Primeiros Tra\u00e7os, na Escola Municipal Educa\u00e7\u00e3o Fundamental Cynira Oliveira de Castro, al\u00e9m do pr\u00f3prio n\u00facleo do Clube N\u00e1utico Mogiano.<\/p>\n<p><img loading=\"lazy\" class=\"size-medium wp-image-3496 alignright\" src=\"http:\/\/judonacional.com\/wp-content\/uploads\/2018\/09\/Titans-300x199.jpg\" alt=\"\" width=\"300\" height=\"199\" srcset=\"http:\/\/judonacional.com\/wp-content\/uploads\/2018\/09\/Titans-300x199.jpg 300w, http:\/\/judonacional.com\/wp-content\/uploads\/2018\/09\/Titans-768x510.jpg 768w, http:\/\/judonacional.com\/wp-content\/uploads\/2018\/09\/Titans-600x400.jpg 600w, http:\/\/judonacional.com\/wp-content\/uploads\/2018\/09\/Titans-820x544.jpg 820w, http:\/\/judonacional.com\/wp-content\/uploads\/2018\/09\/Titans.jpg 960w\" sizes=\"(max-width: 300px) 100vw, 300px\" \/><\/p>\n<p><strong>Falc\u00f5es<\/strong><\/p>\n<p>Ele ressalta que estes projetos come\u00e7am a dar frutos. Na recente disputa do 2\u00ba Torneio do Servi\u00e7o Social Nova Jerusal\u00e9m, organizado pela Academia Falc\u00f5es do Jud\u00f4, e realizado no \u00faltimo domingo (16\/9), na cidade de Monte Mor, no interior de S\u00e3o Paulo, das dez medalhas conquistadas pela Academia Titans do Jud\u00f4, quatro foram obtidas por atletas do projeto social, sendo tr\u00eas do CEU da Vila Nova Uni\u00e3o: Ana Laura R. Maciel (ouro), Joyce Kethelin Manoel (prata) e Ewerton Fabr\u00edcio (bronze); e um da Amdem: Isabelly Cristhiny Oliveira (bronze). Os tr\u00eas primeiros, inclusive, j\u00e1 est\u00e3o garantidos na fase final do Campeonato Paulista de Jud\u00f4. \u201cS\u00e3o atletas que t\u00eam se destacado nos treinos e nas competi\u00e7\u00f5es. Ficamos orgulhosos de poder fazer parte desta bonita hist\u00f3ria de cada um deles\u201d, frisou Querino.<\/p>\n<p>Os demais medalhistas da Academia Titans do Jud\u00f4 em Monte Mor foram Isabella C. Bernardino, Augusto McCain C. Berna e Matheus Augusto C. Santos, com o ouro; e Nina Simone Campos, Anna Catharina Bovo, Leandro Henrique Carvalho e Roberto Assun\u00e7\u00e3o Santos, com bronze.<\/p>\n<p><img loading=\"lazy\" class=\"size-medium wp-image-3498 alignleft\" src=\"http:\/\/judonacional.com\/wp-content\/uploads\/2018\/09\/TitansJudoca-300x200.jpg\" alt=\"\" width=\"300\" height=\"200\" srcset=\"http:\/\/judonacional.com\/wp-content\/uploads\/2018\/09\/TitansJudoca-300x200.jpg 300w, http:\/\/judonacional.com\/wp-content\/uploads\/2018\/09\/TitansJudoca-600x400.jpg 600w, http:\/\/judonacional.com\/wp-content\/uploads\/2018\/09\/TitansJudoca.jpg 736w\" sizes=\"(max-width: 300px) 100vw, 300px\" \/><\/p>\n<p>Academia Titans do Jud\u00f4 prepara mais uma edi\u00e7\u00e3o de seu tradicional campeonato, que contar\u00e1 com a presen\u00e7a do judoca angolano Euclides Ricardo.<\/p>\n<p>&nbsp;<\/p>\n<p>FOTO \/ DIVULGA\u00c7\u00c3O<\/p>\n<p>&nbsp;<\/p>\n<p>&nbsp;<\/p>\n<p>Fonte: <a href=\"https:\/\/titansdojudo.wordpress.com\/2018\/09\/18\/3a-copa-titans-do-judo-sera-realizada-domingo-em-mogi\/\">Titans<\/a><\/p>\n<p>Clique abaixo e confira o regulamento:<\/p>\n<p><a href=\"http:\/\/judonacional.com\/wp-content\/uploads\/2018\/09\/III-COPA-TITANS_KIMONOS-BANZA\u00cd-2018_FICHA-DE-INSC.pdf\">III COPA TITANS_KIMONOS BANZA\u00cd 2018_FICHA DE INSC<\/a><\/p>\n","protected":false},"excerpt":{"rendered":"<p>&nbsp; A Academia Titans do Jud\u00f4, de Mogi das Cruzes, realiza neste domingo (23\/9) sua tradicional competi\u00e7\u00e3o: a terceira edi\u00e7\u00e3o da Copa Titans\/Kimonos Banzai, que deve reunir aproximadamente 800 atletas de v\u00e1rias academias de todo o Estado de S\u00e3o Paulo. Tamb\u00e9m est\u00e3o confirmadas as presen\u00e7as de atletas estrangeiros: o angolano Euclides Ricardo, do Clube Desportivo [&hellip;]<\/p>\n","protected":false},"author":3,"featured_media":3506,"comment_status":"open","ping_status":"open","sticky":false,"template":"","format":"standard","meta":[],"categories":[4,5],"tags":[],"_links":{"self":[{"href":"http:\/\/judonacional.com\/index.php?rest_route=\/wp\/v2\/posts\/3495"}],"collection":[{"href":"http:\/\/judonacional.com\/index.php?rest_route=\/wp\/v2\/posts"}],"about":[{"href":"http:\/\/judonacional.com\/index.php?rest_route=\/wp\/v2\/types\/post"}],"author":[{"embeddable":true,"href":"http:\/\/judonacional.com\/index.php?rest_route=\/wp\/v2\/users\/3"}],"replies":[{"embeddable":true,"href":"http:\/\/judonacional.com\/index.php?rest_route=%2Fwp%2Fv2%2Fcomments&post=3495"}],"version-history":[{"count":3,"href":"http:\/\/judonacional.com\/index.php?rest_route=\/wp\/v2\/posts\/3495\/revisions"}],"predecessor-version":[{"id":3502,"href":"http:\/\/judonacional.com\/index.php?rest_route=\/wp\/v2\/posts\/3495\/revisions\/3502"}],"wp:featuredmedia":[{"embeddable":true,"href":"http:\/\/judonacional.com\/index.php?rest_route=\/wp\/v2\/media\/3506"}],"wp:attachment":[{"href":"http:\/\/judonacional.com\/index.php?rest_route=%2Fwp%2Fv2%2Fmedia&parent=3495"}],"wp:term":[{"taxonomy":"category","embeddable":true,"href":"http:\/\/judonacional.com\/index.php?rest_route=%2Fwp%2Fv2%2Fcategories&post=3495"},{"taxonomy":"post_tag","embeddable":true,"href":"http:\/\/judonacional.com\/index.php?rest_route=%2Fwp%2Fv2%2Ftags&post=3495"}],"curies":[{"name":"wp","href":"https:\/\/api.w.org\/{rel}","templated":true}]}}