{"id":106,"date":"2016-07-25T03:02:51","date_gmt":"2016-07-25T03:02:51","guid":{"rendered":"http:\/\/judonacional.com\/?p=106"},"modified":"2016-07-25T03:11:51","modified_gmt":"2016-07-25T03:11:51","slug":"106","status":"publish","type":"post","link":"http:\/\/judonacional.com\/?p=106","title":{"rendered":"Judocas paulistas conquistam medalhas na Gymnas\u00edade 2016"},"content":{"rendered":"<p><img loading=\"lazy\" class=\"alignnone size-medium wp-image-108 alignleft\" src=\"http:\/\/judonacional.com\/wp-content\/uploads\/2016\/07\/Gymnasiade2016Tabzon-300x207.jpg\" alt=\"Gymnasiade2016Tabzon\" width=\"300\" height=\"207\" srcset=\"http:\/\/judonacional.com\/wp-content\/uploads\/2016\/07\/Gymnasiade2016Tabzon-300x207.jpg 300w, http:\/\/judonacional.com\/wp-content\/uploads\/2016\/07\/Gymnasiade2016Tabzon.jpg 503w\" sizes=\"(max-width: 300px) 100vw, 300px\" \/>O Brasil conquistou o t\u00edtulo de Campe\u00e3o Geral da Gymnas\u00edade 2016, realizado em julho na cidade de Trabzon na Turquia. E os judocas paulistas ajudaram nessa conquista. Foram 03 medalhas de ouro, tr\u00eas de prata e uma de bronze. A delega\u00e7\u00e3o de jud\u00f4 ainda contou com a participa\u00e7\u00e3o de dois t\u00e9cnicos paulistas: Jos\u00e9 Ol\u00edvio (Associa\u00e7\u00e3o Mercadante) e Marinho Esteves (SESI-SP).<\/p>\n<p>Segundo o Chefe da delega\u00e7\u00e3o Brasileira em Tabzon, Jean Pierre Dummar, todos os atletas que ganharam ou n\u00e3o medalhas, s\u00e3o vitoriosos, pelo conhecimento, aprendizado e cultura obtidos nesses 10 dias longe de casa. S\u00e3o todos vitoriosos, pois conseguiram a primeira coloca\u00e7\u00e3o em geral, no maior evento da ISF e fizeram parte da historia, pois estavam em um pa\u00eds, que passava por um golpe militar. Jean Pierre ainda destaca que n\u00e3o mediram esfor\u00e7os, para deixar os pais tranquilos no Brasil e para seguir com o objetivo maior, que era de colocar o pa\u00eds no topo da Gymnasiade. \u201cDesejo sucesso a todos no percurso das suas vidas e um at\u00e9 breve\u201d, concluiu Jean Pierre.<\/p>\n<p>O presidente da F.P.Jud\u00f4, Alessandro Puglia, parabeniza todos os atletas pela conquista in\u00e9dita em especial aos judocas e t\u00e9cnicos paulistas que muito bem representaram o pa\u00eds nesta grande competi\u00e7\u00e3o e tamb\u00e9m aos clubes que n\u00e3o medem esfor\u00e7os para darem subs\u00eddios a seus atletas para que seu desempenho competitivo fosse maximizado.<\/p>\n<p>&nbsp;<\/p>\n<p><img loading=\"lazy\" class=\"size-medium wp-image-107 alignleft\" src=\"http:\/\/judonacional.com\/wp-content\/uploads\/2016\/07\/Gymnasiade2016Campeao-300x232.jpg\" alt=\"Gymnasiade2016Campeao\" width=\"300\" height=\"232\" srcset=\"http:\/\/judonacional.com\/wp-content\/uploads\/2016\/07\/Gymnasiade2016Campeao-300x232.jpg 300w, http:\/\/judonacional.com\/wp-content\/uploads\/2016\/07\/Gymnasiade2016Campeao.jpg 620w\" sizes=\"(max-width: 300px) 100vw, 300px\" \/><\/p>\n<p>&nbsp;<\/p>\n<p>Confira os resultados dos judocas paulistas na Gymnas\u00edade 2016:<\/p>\n<p>Ouro:<\/p>\n<p>Renan Torres \u2013\u00a0SESI-SP<br \/>\nMichael Marcelino \u2013 SESI-SP<br \/>\nLaura Louise \u2013 Rog\u00e9rio Sampaio<\/p>\n<p>&nbsp;<\/p>\n<p>Prata:<\/p>\n<p>Larissa Pimenta \u2013 Pinheiros<br \/>\nLucas Lima \u2013 Pinheiros<br \/>\nJeferson Santos Junior \u2013 ADPM S\u00e3o Jos\u00e9 dos Campos<\/p>\n<p>Bronze:<\/p>\n<p>Giovanna Fontes \u2013 SESI-SP<\/p>\n<p>&nbsp;<\/p>\n<p>T\u00e9cnicos:<\/p>\n<p>Marinho Esteves \u2013 SESI-SP<br \/>\nJos\u00e9 Ol\u00edvio \u2013 Associa\u00e7\u00e3o Mercadante de Jud\u00f4<\/p>\n<p>&nbsp;<\/p>\n<p>&nbsp;<\/p>\n","protected":false},"excerpt":{"rendered":"<p>O Brasil conquistou o t\u00edtulo de Campe\u00e3o Geral da Gymnas\u00edade 2016, realizado em julho na cidade de Trabzon na Turquia. E os judocas paulistas ajudaram nessa conquista. Foram 03 medalhas de ouro, tr\u00eas de prata e uma de bronze. A delega\u00e7\u00e3o de jud\u00f4 ainda contou com a participa\u00e7\u00e3o de dois t\u00e9cnicos paulistas: Jos\u00e9 Ol\u00edvio (Associa\u00e7\u00e3o [&hellip;]<\/p>\n","protected":false},"author":1,"featured_media":108,"comment_status":"open","ping_status":"open","sticky":false,"template":"","format":"standard","meta":[],"categories":[4,5,1],"tags":[],"_links":{"self":[{"href":"http:\/\/judonacional.com\/index.php?rest_route=\/wp\/v2\/posts\/106"}],"collection":[{"href":"http:\/\/judonacional.com\/index.php?rest_route=\/wp\/v2\/posts"}],"about":[{"href":"http:\/\/judonacional.com\/index.php?rest_route=\/wp\/v2\/types\/post"}],"author":[{"embeddable":true,"href":"http:\/\/judonacional.com\/index.php?rest_route=\/wp\/v2\/users\/1"}],"replies":[{"embeddable":true,"href":"http:\/\/judonacional.com\/index.php?rest_route=%2Fwp%2Fv2%2Fcomments&post=106"}],"version-history":[{"count":5,"href":"http:\/\/judonacional.com\/index.php?rest_route=\/wp\/v2\/posts\/106\/revisions"}],"predecessor-version":[{"id":114,"href":"http:\/\/judonacional.com\/index.php?rest_route=\/wp\/v2\/posts\/106\/revisions\/114"}],"wp:featuredmedia":[{"embeddable":true,"href":"http:\/\/judonacional.com\/index.php?rest_route=\/wp\/v2\/media\/108"}],"wp:attachment":[{"href":"http:\/\/judonacional.com\/index.php?rest_route=%2Fwp%2Fv2%2Fmedia&parent=106"}],"wp:term":[{"taxonomy":"category","embeddable":true,"href":"http:\/\/judonacional.com\/index.php?rest_route=%2Fwp%2Fv2%2Fcategories&post=106"},{"taxonomy":"post_tag","embeddable":true,"href":"http:\/\/judonacional.com\/index.php?rest_route=%2Fwp%2Fv2%2Ftags&post=106"}],"curies":[{"name":"wp","href":"https:\/\/api.w.org\/{rel}","templated":true}]}}